{"id":13609,"date":"2021-02-12T16:54:51","date_gmt":"2021-02-12T19:54:51","guid":{"rendered":"http:\/\/www.centraldenoticias.com.ar\/?p=13609"},"modified":"2021-02-12T16:54:51","modified_gmt":"2021-02-12T19:54:51","slug":"curso-de-introduccion-al-trabajo-del-programa-empleo-joven","status":"publish","type":"post","link":"https:\/\/cdnoticias.com\/index.php\/2021\/02\/12\/curso-de-introduccion-al-trabajo-del-programa-empleo-joven\/","title":{"rendered":"Curso de Introducci\u00f3n al Trabajo del Programa Empleo Joven"},"content":{"rendered":"<p>La capacitaci\u00f3n est\u00e1 en marcha y se realiza de forma virtual. La intenci\u00f3n es capacitar a los participantes para adquirir conocimientos y herramientas para mejorar sus posibilidades de empleo.<!--more--><\/p>\n<hr \/>\n<p>Desde la Direcci\u00f3n de Empleo, perteneciente a la Secretar\u00eda de Desarrollo Econ\u00f3mico, se inform\u00f3 que se inici\u00f3 el <strong>Curso de Introducci\u00f3n al Trabajo, en el marco del Programa Empleo Joven.<\/strong><\/p>\n<p>&nbsp;<\/p>\n<p>Se realiza bajo la modalidad virtual, con una <strong>participaci\u00f3n de 60 j\u00f3venes<\/strong> y tiene una duraci\u00f3n de tres meses, con dos encuentros semanales de 90 minutos.<\/p>\n<p>&nbsp;<\/p>\n<p>Durante esta capacitaci\u00f3n se pretende que los participantes <strong>adquieran conocimientos y desarrollen habilidades<\/strong> para mejorar sus posibilidades de empleabilidad.<\/p>\n<p>&nbsp;<\/p>\n<p>Algunos de los temas que se abordan son: <strong>consejos para confeccionar curr\u00edculum vitae, consejos para entrevistas de trabajo y din\u00e1micas de selecci\u00f3n, derecho laboral, orientaci\u00f3n vocacional y oferta acad\u00e9mica, planificaci\u00f3n de objetivos y an\u00e1lisis del mercado laboral local<\/strong>, entre otros aspectos relevantes.<\/p>\n<p>&nbsp;<\/p>\n<p>Quienes est\u00e9n interesados en contar con m\u00e1s informaci\u00f3n sobre los programas vigentes, podr\u00e1n visitar el <a href=\"https:\/\/invertir.olavarria.gov.ar\/servicios\/portal-de-empleo\/\" target=\"_blank\" rel=\"noopener\">Portal de Empleo en la p\u00e1gina web del Municipio.<\/a><\/p>\n","protected":false},"excerpt":{"rendered":"<p>La capacitaci\u00f3n est\u00e1 en marcha y se realiza de forma virtual. La intenci\u00f3n es capacitar a los participantes para adquirir<\/p>\n","protected":false},"author":5,"featured_media":13610,"comment_status":"closed","ping_status":"closed","sticky":false,"template":"","format":"standard","meta":{"_jetpack_memberships_contains_paid_content":false,"footnotes":""},"categories":[5],"tags":[],"class_list":["post-13609","post","type-post","status-publish","format-standard","has-post-thumbnail","hentry","category-informacion-general"],"jetpack_featured_media_url":"https:\/\/i0.wp.com\/cdnoticias.com\/wp-content\/uploads\/2021\/02\/DE-Curso-Empleo.jpg?fit=522%2C305&ssl=1","jetpack_sharing_enabled":true,"_links":{"self":[{"href":"https:\/\/cdnoticias.com\/index.php\/wp-json\/wp\/v2\/posts\/13609","targetHints":{"allow":["GET"]}}],"collection":[{"href":"https:\/\/cdnoticias.com\/index.php\/wp-json\/wp\/v2\/posts"}],"about":[{"href":"https:\/\/cdnoticias.com\/index.php\/wp-json\/wp\/v2\/types\/post"}],"author":[{"embeddable":true,"href":"https:\/\/cdnoticias.com\/index.php\/wp-json\/wp\/v2\/users\/5"}],"replies":[{"embeddable":true,"href":"https:\/\/cdnoticias.com\/index.php\/wp-json\/wp\/v2\/comments?post=13609"}],"version-history":[{"count":0,"href":"https:\/\/cdnoticias.com\/index.php\/wp-json\/wp\/v2\/posts\/13609\/revisions"}],"wp:featuredmedia":[{"embeddable":true,"href":"https:\/\/cdnoticias.com\/index.php\/wp-json\/wp\/v2\/media\/13610"}],"wp:attachment":[{"href":"https:\/\/cdnoticias.com\/index.php\/wp-json\/wp\/v2\/media?parent=13609"}],"wp:term":[{"taxonomy":"category","embeddable":true,"href":"https:\/\/cdnoticias.com\/index.php\/wp-json\/wp\/v2\/categories?post=13609"},{"taxonomy":"post_tag","embeddable":true,"href":"https:\/\/cdnoticias.com\/index.php\/wp-json\/wp\/v2\/tags?post=13609"}],"curies":[{"name":"wp","href":"https:\/\/api.w.org\/{rel}","templated":true}]}}