{"id":136087,"date":"2024-09-03T16:24:32","date_gmt":"2024-09-03T19:24:32","guid":{"rendered":"https:\/\/centraldeportes.com.ar\/?p=54660"},"modified":"2025-02-13T22:54:53","modified_gmt":"2025-02-14T01:54:53","slug":"ajedrez-augusto-arana-gano-el-campeonato-oficial-de-primera","status":"publish","type":"post","link":"https:\/\/cdnoticias.com\/index.php\/2024\/09\/03\/ajedrez-augusto-arana-gano-el-campeonato-oficial-de-primera\/","title":{"rendered":"Ajedrez: Augusto Ara\u00f1a gan\u00f3 el Campeonato Oficial de Primera"},"content":{"rendered":"<p>Por tercer a\u00f1o consecutivo, Augusto Ara\u00f1a se consagr\u00f3 campe\u00f3n del Campeonato Oficial de Primera Categor\u00eda organizado por la Federaci\u00f3n de Ajedrez de Olavarr\u00eda que lleg\u00f3 a su fin en el transcurso de la \u00faltima semana.<!--more--><\/p>\n<hr \/>\n<p>En las instalaciones del Club Social se completaron las \u00faltimas dos rondas del certamen que se jug\u00f3 bajo la modalidad de sistema americano (todos contra todos) con un tiempo de reflexi\u00f3n de noventa minutos iniciales de reflexi\u00f3n m\u00e1s treinta segundos de incremento. Adem\u00e1s del t\u00edtulo, el ganador obtendr\u00e1 el derecho de desafiar en un match a seis partidas al actual campe\u00f3n local, Horacio Pereyra.<\/p>\n<p>&nbsp;<\/p>\n<p>Por la octava ronda, Augusto Ara\u00f1a logr\u00f3 el t\u00edtulo de manera anticipada al imponerse con las piezas blancas frente a su escolta, Mart\u00edn Finet, y lograr una ventaja de dos puntos a falta de una ronda.<\/p>\n<p>&nbsp;<\/p>\n<p>En una partida en la que el negro plante\u00f3 la Defensa India de Rey frente al pe\u00f3n dama del blanco, Ara\u00f1a logr\u00f3 obtener la ventaja producto del intercambio de peones del flanco rey y posterior apertura del enroque negro, lo cual le permiti\u00f3 lanzar un ataque sobre el monarca rival y hacerse con el punto tras 31 movimientos.<\/p>\n<p>&nbsp;<\/p>\n<p>De esta manera, el juvenil campe\u00f3n de 17 a\u00f1os, logr\u00f3 el t\u00edtulo de la m\u00e1xima categor\u00eda de nuestra ciudad por tercera ocasi\u00f3n consecutiva, ya que tambi\u00e9n se impuso en las ediciones de 2022 y 2023 y, a pesar de su corta pero laureada trayectoria, cimienta su posici\u00f3n como presente y futuro del ajedrez local. Con su triunfo en el certamen, confirma la reedici\u00f3n del match del a\u00f1o anterior contra Pereyra, hexacampe\u00f3n de Olavarr\u00eda, por el m\u00e1ximo cetro local.<\/p>\n<p>&nbsp;<\/p>\n<p>Por \u00faltimo, el pasado jueves concluy\u00f3 el certamen con la \u00faltima ronda y se definieron los restantes lugares del podio. En un duelo de escoltas, Mart\u00edn Finet, col\u00edder por gran parte del certamen, se impuso a Agust\u00edn Pandini con las piezas blancas y con ello obtuvo el subcampeonato, mientras que Mat\u00edas Heht complet\u00f3 el podio con su victoria frente a Lautaro Sampaoli.<\/p>\n<p>&nbsp;<\/p>\n<p>Posiciones:<\/p>\n<p>1\u00b0) Augusto Ara\u00f1a con 8 puntos<br \/>\n2\u00b0) Mart\u00edn Finet con 6<br \/>\n3\u00b0) Mat\u00edas Heht con 5,5<br \/>\n4\u00b0) Agust\u00edn Pandini con 5<br \/>\n5\u00b0-6\u00b0) Lautaro Sampaoli y Jos\u00e9 Pal con 3<br \/>\n7\u00b0) Alberto Zito con 2,5<br \/>\n8\u00b0) Horacio Battaglia con 2<br \/>\n9\u00b0) Diego Marateo con 1.<\/p>\n","protected":false},"excerpt":{"rendered":"<p>Por tercer a\u00f1o consecutivo, Augusto Ara\u00f1a se consagr\u00f3 campe\u00f3n del Campeonato Oficial de Primera Categor\u00eda organizado por la Federaci\u00f3n de<\/p>\n","protected":false},"author":96739694,"featured_media":149970,"comment_status":"closed","ping_status":"closed","sticky":false,"template":"","format":"standard","meta":{"_jetpack_memberships_contains_paid_content":false,"footnotes":""},"categories":[30,1],"tags":[],"class_list":["post-136087","post","type-post","status-publish","format-standard","has-post-thumbnail","hentry","category-polideportivo","category-portada"],"jetpack_featured_media_url":"https:\/\/i0.wp.com\/cdnoticias.com\/wp-content\/uploads\/2022\/07\/Augusto-Ara%C3%B1a-Ajedrez-2-e1725391466576.jpg?fit=950%2C551&ssl=1","jetpack_sharing_enabled":true,"_links":{"self":[{"href":"https:\/\/cdnoticias.com\/index.php\/wp-json\/wp\/v2\/posts\/136087","targetHints":{"allow":["GET"]}}],"collection":[{"href":"https:\/\/cdnoticias.com\/index.php\/wp-json\/wp\/v2\/posts"}],"about":[{"href":"https:\/\/cdnoticias.com\/index.php\/wp-json\/wp\/v2\/types\/post"}],"author":[{"embeddable":true,"href":"https:\/\/cdnoticias.com\/index.php\/wp-json\/wp\/v2\/users\/96739694"}],"replies":[{"embeddable":true,"href":"https:\/\/cdnoticias.com\/index.php\/wp-json\/wp\/v2\/comments?post=136087"}],"version-history":[{"count":0,"href":"https:\/\/cdnoticias.com\/index.php\/wp-json\/wp\/v2\/posts\/136087\/revisions"}],"wp:featuredmedia":[{"embeddable":true,"href":"https:\/\/cdnoticias.com\/index.php\/wp-json\/wp\/v2\/media\/149970"}],"wp:attachment":[{"href":"https:\/\/cdnoticias.com\/index.php\/wp-json\/wp\/v2\/media?parent=136087"}],"wp:term":[{"taxonomy":"category","embeddable":true,"href":"https:\/\/cdnoticias.com\/index.php\/wp-json\/wp\/v2\/categories?post=136087"},{"taxonomy":"post_tag","embeddable":true,"href":"https:\/\/cdnoticias.com\/index.php\/wp-json\/wp\/v2\/tags?post=136087"}],"curies":[{"name":"wp","href":"https:\/\/api.w.org\/{rel}","templated":true}]}}