{"id":136070,"date":"2024-08-29T14:40:20","date_gmt":"2024-08-29T17:40:20","guid":{"rendered":"https:\/\/centraldeportes.com.ar\/?p=54559"},"modified":"2025-02-13T21:45:45","modified_gmt":"2025-02-14T00:45:45","slug":"exitoso-encuentro-interno-en-la-pista-de-estudiantes","status":"publish","type":"post","link":"https:\/\/cdnoticias.com\/index.php\/2024\/08\/29\/exitoso-encuentro-interno-en-la-pista-de-estudiantes\/","title":{"rendered":"Exitoso Encuentro Interno en la Pista de Estudiantes"},"content":{"rendered":"<p>Con un excelente marco de p\u00fablico y con clima espectacular de sol, el pasado domingo se realiz\u00f3 un nuevo Encuentro Interno en la Pista de Estudiantes.<!--more--><\/p>\n<hr \/>\n<p>En la previa a lo que ser\u00e1 la continuidad del Torneo Federal previsto para el mes de septiembre, hubo actividad de preparaci\u00f3n en las instalaciones del &#8220;Bataraz&#8221;.<\/p>\n<p>&nbsp;<\/p>\n<p>El Torneo Interno sirvi\u00f3 de preparaci\u00f3n para jinetes y amazonas de Estudiantes que participar\u00e1n del certamen. Adem\u00e1s se sumaron La Chacra de Olavarr\u00eda, representantes de Azul y tambi\u00e9n de Daireaux.<\/p>\n<p>&nbsp;<\/p>\n","protected":false},"excerpt":{"rendered":"<p>Con un excelente marco de p\u00fablico y con clima espectacular de sol, el pasado domingo se realiz\u00f3 un nuevo Encuentro<\/p>\n","protected":false},"author":96739694,"featured_media":162508,"comment_status":"closed","ping_status":"closed","sticky":false,"template":"","format":"standard","meta":{"_jetpack_memberships_contains_paid_content":false,"footnotes":""},"categories":[30,1],"tags":[],"class_list":["post-136070","post","type-post","status-publish","format-standard","has-post-thumbnail","hentry","category-polideportivo","category-portada"],"jetpack_featured_media_url":"https:\/\/i0.wp.com\/cdnoticias.com\/wp-content\/uploads\/2024\/08\/457012946_1057977419666282_8404142370073510377_n-e1724953201638.jpg?fit=1440%2C835&ssl=1","jetpack_sharing_enabled":true,"_links":{"self":[{"href":"https:\/\/cdnoticias.com\/index.php\/wp-json\/wp\/v2\/posts\/136070","targetHints":{"allow":["GET"]}}],"collection":[{"href":"https:\/\/cdnoticias.com\/index.php\/wp-json\/wp\/v2\/posts"}],"about":[{"href":"https:\/\/cdnoticias.com\/index.php\/wp-json\/wp\/v2\/types\/post"}],"author":[{"embeddable":true,"href":"https:\/\/cdnoticias.com\/index.php\/wp-json\/wp\/v2\/users\/96739694"}],"replies":[{"embeddable":true,"href":"https:\/\/cdnoticias.com\/index.php\/wp-json\/wp\/v2\/comments?post=136070"}],"version-history":[{"count":0,"href":"https:\/\/cdnoticias.com\/index.php\/wp-json\/wp\/v2\/posts\/136070\/revisions"}],"wp:featuredmedia":[{"embeddable":true,"href":"https:\/\/cdnoticias.com\/index.php\/wp-json\/wp\/v2\/media\/162508"}],"wp:attachment":[{"href":"https:\/\/cdnoticias.com\/index.php\/wp-json\/wp\/v2\/media?parent=136070"}],"wp:term":[{"taxonomy":"category","embeddable":true,"href":"https:\/\/cdnoticias.com\/index.php\/wp-json\/wp\/v2\/categories?post=136070"},{"taxonomy":"post_tag","embeddable":true,"href":"https:\/\/cdnoticias.com\/index.php\/wp-json\/wp\/v2\/tags?post=136070"}],"curies":[{"name":"wp","href":"https:\/\/api.w.org\/{rel}","templated":true}]}}