{"id":136067,"date":"2024-08-29T11:57:10","date_gmt":"2024-08-29T14:57:10","guid":{"rendered":"https:\/\/centraldeportes.com.ar\/?p=54544"},"modified":"2025-02-13T21:45:46","modified_gmt":"2025-02-14T00:45:46","slug":"patin-artistico-kremer-se-lucio-y-fue-convocada-a-la-seleccion-argentina","status":"publish","type":"post","link":"https:\/\/cdnoticias.com\/index.php\/2024\/08\/29\/patin-artistico-kremer-se-lucio-y-fue-convocada-a-la-seleccion-argentina\/","title":{"rendered":"Pat\u00edn Art\u00edstico: Kremer se luci\u00f3 y fue convocada a la Selecci\u00f3n Argentina"},"content":{"rendered":"<p>En el transcurso de la pasada semana, Luz Kremer logr\u00f3 una destacada actuaci\u00f3n en el Campeonato Nacional Absoluto y ubicarse en el Top10 del pa\u00eds le vali\u00f3 la convocatoria a la Selecci\u00f3n Argentina.<!--more--><\/p>\n<hr \/>\n<p>La patinadora del Club Boca particip\u00f3 en San Juan del certamen nacional y en la categor\u00eda World Skate Senior Figuras Obligatorias finaliz\u00f3 en la 7\u00b0 colocaci\u00f3n.<\/p>\n<p>&nbsp;<\/p>\n<p>Kremer que estuvo acompa\u00f1ada por t\u00e9cnica Marcela Romera realiz\u00f3 tan destacada performance que logr\u00f3 la clasificaci\u00f3n para el Campeonato Sudamericano que se va a realizar en Brasil en el mes de noviembre.<\/p>\n<p>&nbsp;<\/p>\n<p>El Campeonato Sudamericano y vestir la camiseta celeste y blanca es el anhelo de cualquier deportista, pero para poder ser parte debe afrontar numerosos costos, por lo que solicita la colaboraci\u00f3n de la comunidad. Quienes deseen colaborar con la patinadora pueden comunicarse al 2284-602458.<\/p>\n","protected":false},"excerpt":{"rendered":"<p>En el transcurso de la pasada semana, Luz Kremer logr\u00f3 una destacada actuaci\u00f3n en el Campeonato Nacional Absoluto y ubicarse<\/p>\n","protected":false},"author":96739694,"featured_media":162510,"comment_status":"closed","ping_status":"closed","sticky":false,"template":"","format":"standard","meta":{"_jetpack_memberships_contains_paid_content":false,"footnotes":""},"categories":[30,1],"tags":[],"class_list":["post-136067","post","type-post","status-publish","format-standard","has-post-thumbnail","hentry","category-polideportivo","category-portada"],"jetpack_featured_media_url":"https:\/\/i0.wp.com\/cdnoticias.com\/wp-content\/uploads\/2024\/08\/patin.jpg?fit=800%2C445&ssl=1","jetpack_sharing_enabled":true,"_links":{"self":[{"href":"https:\/\/cdnoticias.com\/index.php\/wp-json\/wp\/v2\/posts\/136067","targetHints":{"allow":["GET"]}}],"collection":[{"href":"https:\/\/cdnoticias.com\/index.php\/wp-json\/wp\/v2\/posts"}],"about":[{"href":"https:\/\/cdnoticias.com\/index.php\/wp-json\/wp\/v2\/types\/post"}],"author":[{"embeddable":true,"href":"https:\/\/cdnoticias.com\/index.php\/wp-json\/wp\/v2\/users\/96739694"}],"replies":[{"embeddable":true,"href":"https:\/\/cdnoticias.com\/index.php\/wp-json\/wp\/v2\/comments?post=136067"}],"version-history":[{"count":0,"href":"https:\/\/cdnoticias.com\/index.php\/wp-json\/wp\/v2\/posts\/136067\/revisions"}],"wp:featuredmedia":[{"embeddable":true,"href":"https:\/\/cdnoticias.com\/index.php\/wp-json\/wp\/v2\/media\/162510"}],"wp:attachment":[{"href":"https:\/\/cdnoticias.com\/index.php\/wp-json\/wp\/v2\/media?parent=136067"}],"wp:term":[{"taxonomy":"category","embeddable":true,"href":"https:\/\/cdnoticias.com\/index.php\/wp-json\/wp\/v2\/categories?post=136067"},{"taxonomy":"post_tag","embeddable":true,"href":"https:\/\/cdnoticias.com\/index.php\/wp-json\/wp\/v2\/tags?post=136067"}],"curies":[{"name":"wp","href":"https:\/\/api.w.org\/{rel}","templated":true}]}}