{"id":136064,"date":"2024-08-27T16:17:07","date_gmt":"2024-08-27T19:17:07","guid":{"rendered":"https:\/\/centraldeportes.com.ar\/?p=54503"},"modified":"2025-02-13T21:45:56","modified_gmt":"2025-02-14T00:45:56","slug":"setenta-parejas-le-dieron-color-a-la-decima-fecha-del-calendario-acop","status":"publish","type":"post","link":"https:\/\/cdnoticias.com\/index.php\/2024\/08\/27\/setenta-parejas-le-dieron-color-a-la-decima-fecha-del-calendario-acop\/","title":{"rendered":"Setenta parejas le dieron color a la d\u00e9cima fecha del calendario ACOP"},"content":{"rendered":"<p>El pasado fin de semana se disput\u00f3 una nueva jornada del circuito olavarriense de P\u00e1del que organiza la Asociaci\u00f3n Civil Olavarriense de P\u00e1del.<!--more--><\/p>\n<hr \/>\n<p>Un gran n\u00famero de parejas le dio continuidad al calendario anual de la Asociaci\u00f3n Civil de P\u00e1del Olavarriense con la disputa de la 10\u00b0 fecha para las Categor\u00edas Impares en cuatro divisiones y cuatro escenarios.<\/p>\n<p>&nbsp;<\/p>\n<p>En total participaron 72 parejas anotadas distribuidas en cuatro divisiones: Tercera Caballeros (Las Terrazzas), Quinta Caballeros (Club de Amigos), Quinta Damas (P\u00e1del) y S\u00e9ptima Caballeros (El triunfo).<\/p>\n<p>&nbsp;<\/p>\n<p>En Tercera Caballeros fueron campeones Santiago Barsi y Samuel I\u00f1iguez quienes vencieron en dos sets a Joaqu\u00edn Hern\u00e1ndez y Franco Fern\u00e1ndez. El marcador final fue 6\/4 y 6\/3.<\/p>\n<p>&nbsp;<\/p>\n<p><img data-recalc-dims=\"1\" loading=\"lazy\" decoding=\"async\" class=\"aligncenter size-full wp-image-54506\" src=\"https:\/\/i0.wp.com\/cdnoticias.com\/wp-content\/uploads\/2024\/08\/acop-2-1.jpg?resize=800%2C445&#038;ssl=1\" alt=\"\" width=\"800\" height=\"445\" \/><\/p>\n<p>&nbsp;<\/p>\n<p>Braian Iriso y Santiago S\u00e1enz Buruaga festejaron en Quinta Caballeros tras derrotar en tres parciales a Ian L\u00f3pez y Bryton L\u00f3pez con resultado final de 6\/2, 4\/6 y 6\/2 y entre las Damas, se consagr\u00f3 la dupla conformada por Valentina Batista y Ver\u00f3nica Pizzano, quienes derrotaron a Ver\u00f3nica M\u00e1s y Michelle Anzuino por 6\/4 y 6\/3.<\/p>\n<p>&nbsp;<\/p>\n<p>Por \u00faltimo, en S\u00e9ptima Caballeros Nicol\u00e1s Larios y Samuel Romero se llevaron el torneo al vencer en la final a Jorge Corradini y Josias Mar\u00edn por 6\/1 6\/7 6\/3<\/p>\n","protected":false},"excerpt":{"rendered":"<p>El pasado fin de semana se disput\u00f3 una nueva jornada del circuito olavarriense de P\u00e1del que organiza la Asociaci\u00f3n Civil<\/p>\n","protected":false},"author":96739694,"featured_media":162528,"comment_status":"closed","ping_status":"closed","sticky":false,"template":"","format":"standard","meta":{"_jetpack_memberships_contains_paid_content":false,"footnotes":""},"categories":[1,55],"tags":[],"class_list":["post-136064","post","type-post","status-publish","format-standard","has-post-thumbnail","hentry","category-portada","category-tenis-padel"],"jetpack_featured_media_url":"https:\/\/i0.wp.com\/cdnoticias.com\/wp-content\/uploads\/2024\/08\/acop-1-1.jpg?fit=800%2C445&ssl=1","jetpack_sharing_enabled":true,"_links":{"self":[{"href":"https:\/\/cdnoticias.com\/index.php\/wp-json\/wp\/v2\/posts\/136064","targetHints":{"allow":["GET"]}}],"collection":[{"href":"https:\/\/cdnoticias.com\/index.php\/wp-json\/wp\/v2\/posts"}],"about":[{"href":"https:\/\/cdnoticias.com\/index.php\/wp-json\/wp\/v2\/types\/post"}],"author":[{"embeddable":true,"href":"https:\/\/cdnoticias.com\/index.php\/wp-json\/wp\/v2\/users\/96739694"}],"replies":[{"embeddable":true,"href":"https:\/\/cdnoticias.com\/index.php\/wp-json\/wp\/v2\/comments?post=136064"}],"version-history":[{"count":0,"href":"https:\/\/cdnoticias.com\/index.php\/wp-json\/wp\/v2\/posts\/136064\/revisions"}],"wp:featuredmedia":[{"embeddable":true,"href":"https:\/\/cdnoticias.com\/index.php\/wp-json\/wp\/v2\/media\/162528"}],"wp:attachment":[{"href":"https:\/\/cdnoticias.com\/index.php\/wp-json\/wp\/v2\/media?parent=136064"}],"wp:term":[{"taxonomy":"category","embeddable":true,"href":"https:\/\/cdnoticias.com\/index.php\/wp-json\/wp\/v2\/categories?post=136064"},{"taxonomy":"post_tag","embeddable":true,"href":"https:\/\/cdnoticias.com\/index.php\/wp-json\/wp\/v2\/tags?post=136064"}],"curies":[{"name":"wp","href":"https:\/\/api.w.org\/{rel}","templated":true}]}}