{"id":136060,"date":"2024-08-26T20:40:47","date_gmt":"2024-08-26T23:40:47","guid":{"rendered":"https:\/\/centraldeportes.com.ar\/?p=54488"},"modified":"2025-02-13T21:46:00","modified_gmt":"2025-02-14T00:46:00","slug":"nicolas-benito-el-mejor-de-los-olavarrienses-en-el-turismo-pista","status":"publish","type":"post","link":"https:\/\/cdnoticias.com\/index.php\/2024\/08\/26\/nicolas-benito-el-mejor-de-los-olavarrienses-en-el-turismo-pista\/","title":{"rendered":"Nicol\u00e1s Benito, el mejor de los olavarrienses en el Turismo Pista"},"content":{"rendered":"<p>El olavarriense fue una vez m\u00e1s el m\u00e1s destacado de los cr\u00e9ditos locales en Rosario, con el segundo lugar en la final de la Clase 1. Sebasti\u00e1n Cipres fue 20\u00ba y Nicol\u00e1s Romero volc\u00f3 su auto en el inicio de la final. En la clase 2 Diego Valisi consigui\u00f3 su mejor resultado con el 16\u00ba lugar en la final, mientras que Santiago Tambucci fue 5\u00ba en la Clase 3.<!--more--><\/p>\n<hr \/>\n<p>El Juan Manuel Fangio de Rosario fue el escenario de la s\u00e9ptima fecha del campeonato del Turismo Pista, y Nicol\u00e1s Benito volvi\u00f3 a subir al podio de la clase menor con un segundo puesto en la final.<\/p>\n<p>&nbsp;<\/p>\n<p>El olavarriense gan\u00f3 su serie y fue uno de los grandes protagonistas de la final, pudo quedarse con el triunfo sobre el final pero el, Tomas Vitar, se cuid\u00f3 bien y mantuvo el liderazgo. De todos modos, Nicol\u00e1s Benito volvi\u00f3 a tener un podio en una dur\u00edsima categor\u00eda. El podio lo complet\u00f3 Juan Perugini.<\/p>\n<p>&nbsp;<\/p>\n<p>En esta divisional estuvo presente tambi\u00e9n Sebasti\u00e1n Cipr\u00e9s, que culmin\u00f3 en el puesto 20\u00ba. Mala fortuna para Nicol\u00e1s Romero, un despiste en el inicio de la final culmin\u00f3 en un vuelco con el Fiat Uno, afortunadamente sin mayores consecuencias.<\/p>\n<p>&nbsp;<\/p>\n\n<p>&nbsp;<\/p>\n<p>En la Clase 2 la victoria fue para Yair Etcheveste, escoltado por Franco Nazzi y Jos\u00e9 Luis Costamagna. Aqu\u00ed estuvo presente Diego Valisi, que con el Chevrolet Celta que atiende su propia estructura, logr\u00f3 en Rosario su mejor resultado en la categor\u00eda. Luego de avanzar 19 lugares durante la final, el de Sierras Bayas termin\u00f3 viendo la bandera a cuadros en el puesto 16\u00ba.<\/p>\n<p>&nbsp;<\/p>\n<p>En la Clase 3 fue gran protagonista otro piloto sierrabayense, Santiago Tambucci. Tuvo que remar contra una sanci\u00f3n que le quit\u00f3 el tiempo de clasificaci\u00f3n, esto lo oblig\u00f3 a partir desde el \u00faltimo lugar su serie. Pudo avanzar hasta el sexto lugar y parti\u00f3 la final desde el puesto 18. Pudo hacer una buena carrera y con un ritmo interesante culmin\u00f3 viendo la bandera a cuadros en el quinto lugar. El triunfo en la clase mayor fue para Franco Villabrille, seguido de Felipe Martini y Mart\u00edn Leston.<\/p>\n<p>&nbsp;<\/p>\n<p>La octava fecha de la categor\u00eda ser\u00e1 el 22 de septiembre, la carrera de los 300 Pilotos, y se disputar\u00e1 en el aut\u00f3dromo de Buenos Aires.<\/p>\n","protected":false},"excerpt":{"rendered":"<p>El olavarriense fue una vez m\u00e1s el m\u00e1s destacado de los cr\u00e9ditos locales en Rosario, con el segundo lugar en<\/p>\n","protected":false},"author":96739694,"featured_media":162537,"comment_status":"closed","ping_status":"closed","sticky":false,"template":"","format":"standard","meta":{"_jetpack_memberships_contains_paid_content":false,"footnotes":""},"categories":[34,1,49],"tags":[],"class_list":["post-136060","post","type-post","status-publish","format-standard","has-post-thumbnail","hentry","category-automovilismo","category-portada","category-turismo-pista"],"jetpack_featured_media_url":"https:\/\/i0.wp.com\/cdnoticias.com\/wp-content\/uploads\/2024\/08\/WhatsApp-Image-2024-08-26-at-19.53.49.jpeg?fit=1125%2C750&ssl=1","jetpack_sharing_enabled":true,"_links":{"self":[{"href":"https:\/\/cdnoticias.com\/index.php\/wp-json\/wp\/v2\/posts\/136060","targetHints":{"allow":["GET"]}}],"collection":[{"href":"https:\/\/cdnoticias.com\/index.php\/wp-json\/wp\/v2\/posts"}],"about":[{"href":"https:\/\/cdnoticias.com\/index.php\/wp-json\/wp\/v2\/types\/post"}],"author":[{"embeddable":true,"href":"https:\/\/cdnoticias.com\/index.php\/wp-json\/wp\/v2\/users\/96739694"}],"replies":[{"embeddable":true,"href":"https:\/\/cdnoticias.com\/index.php\/wp-json\/wp\/v2\/comments?post=136060"}],"version-history":[{"count":0,"href":"https:\/\/cdnoticias.com\/index.php\/wp-json\/wp\/v2\/posts\/136060\/revisions"}],"wp:featuredmedia":[{"embeddable":true,"href":"https:\/\/cdnoticias.com\/index.php\/wp-json\/wp\/v2\/media\/162537"}],"wp:attachment":[{"href":"https:\/\/cdnoticias.com\/index.php\/wp-json\/wp\/v2\/media?parent=136060"}],"wp:term":[{"taxonomy":"category","embeddable":true,"href":"https:\/\/cdnoticias.com\/index.php\/wp-json\/wp\/v2\/categories?post=136060"},{"taxonomy":"post_tag","embeddable":true,"href":"https:\/\/cdnoticias.com\/index.php\/wp-json\/wp\/v2\/tags?post=136060"}],"curies":[{"name":"wp","href":"https:\/\/api.w.org\/{rel}","templated":true}]}}