{"id":136059,"date":"2024-08-26T20:20:17","date_gmt":"2024-08-26T23:20:17","guid":{"rendered":"https:\/\/centraldeportes.com.ar\/?p=54484"},"modified":"2025-02-13T21:43:40","modified_gmt":"2025-02-14T00:43:40","slug":"divisional-b-recalde-fue-campeon-absoluto-del-torneo-apertura","status":"publish","type":"post","link":"https:\/\/cdnoticias.com\/index.php\/2024\/08\/26\/divisional-b-recalde-fue-campeon-absoluto-del-torneo-apertura\/","title":{"rendered":"Divisional B: Recalde fue campe\u00f3n absoluto del Torneo Apertura"},"content":{"rendered":"<p>Este \u00faltimo domingo, el \u201cAlbinegro\u201d se impuso en las final\u00edsimas y logr\u00f3 consagrarse en Primera y Reserva. Ser\u00e1 uno de los finalistas por el ascenso la categor\u00eda principal de la LFO.<!--more--><\/p>\n<hr \/>\n<p>Una vez m\u00e1s, el <strong>Club Atl\u00e9tico y Social Recalde<\/strong> ratific\u00f3 su dominio en la <strong>segunda divisi\u00f3n de la Liga de F\u00fatbol de Olavarr\u00eda<\/strong>.<\/p>\n<p>&nbsp;<\/p>\n<p>Meses atr\u00e1s, luego de quedarse con el Torneo Preparaci\u00f3n,<strong> este \u00faltimo domingo volvi\u00f3 a ponerse la corona de campe\u00f3n tras imponerse en la final\u00edsima del Apertura<\/strong>.<\/p>\n<p>&nbsp;<\/p>\n<p>Ante un gran marco de p\u00fablico en el Predio de La Tradici\u00f3n, el festejo fue por partida doble para el \u201cAlbinegro\u201d. <strong>Por un lado, en Reserva, el conjunto recaldense dio la vuelta ol\u00edmpica tras imponerse 3 a 1 sobre Crotto<\/strong>.<\/p>\n<p>&nbsp;<\/p>\n<figure id=\"attachment_54486\" aria-describedby=\"caption-attachment-54486\" style=\"width: 1000px\" class=\"wp-caption aligncenter\"><img data-recalc-dims=\"1\" loading=\"lazy\" decoding=\"async\" class=\"wp-image-54486 size-full\" src=\"https:\/\/i0.wp.com\/cdnoticias.com\/wp-content\/uploads\/2024\/08\/Recalde-campeon-del-Apertura-2024-Reserva.jpg?resize=800%2C533&#038;ssl=1\" alt=\"\" width=\"800\" height=\"533\" \/><figcaption id=\"caption-attachment-54486\" class=\"wp-caption-text\">Equipo Reserva de Recalde<\/figcaption><\/figure>\n<p>&nbsp;<\/p>\n<p>Posteriormente, en Primera, el duelo contra <strong>Luj\u00e1n<\/strong> fue de lo m\u00e1s parejo, con <strong>empate sin goles<\/strong> y todo se resolvi\u00f3 en la tanda de penales. <strong>All\u00ed, los dirigidos por Joaqu\u00edn Vizca\u00edno vencieron 4 \u2013 3 y se quedaron con el t\u00edtulo del Apertura<\/strong>.<\/p>\n<p>&nbsp;<\/p>\n<p><strong>De tal forma, Recalde asegur\u00f3 su lugar en la final anual y disputar\u00e1 el ascenso a Primera Divisi\u00f3n contra el campe\u00f3n del Clausura.<\/strong><\/p>\n<p>&nbsp;<\/p>\n<p><em><strong>Fotos: Crotto F\u00fatbol Club.<\/strong><\/em><\/p>\n","protected":false},"excerpt":{"rendered":"<p>Este \u00faltimo domingo, el \u201cAlbinegro\u201d se impuso en las final\u00edsimas y logr\u00f3 consagrarse en Primera y Reserva. Ser\u00e1 uno de<\/p>\n","protected":false},"author":96739694,"featured_media":162410,"comment_status":"closed","ping_status":"closed","sticky":false,"template":"","format":"standard","meta":{"_jetpack_memberships_contains_paid_content":false,"footnotes":""},"categories":[35,1,41],"tags":[],"class_list":["post-136059","post","type-post","status-publish","format-standard","has-post-thumbnail","hentry","category-futbol","category-portada","category-primera-y-reserva"],"jetpack_featured_media_url":"https:\/\/i0.wp.com\/cdnoticias.com\/wp-content\/uploads\/2024\/08\/Recalde-campeon-del-Apertura-Primera-2024.jpg?fit=1064%2C602&ssl=1","jetpack_sharing_enabled":true,"_links":{"self":[{"href":"https:\/\/cdnoticias.com\/index.php\/wp-json\/wp\/v2\/posts\/136059","targetHints":{"allow":["GET"]}}],"collection":[{"href":"https:\/\/cdnoticias.com\/index.php\/wp-json\/wp\/v2\/posts"}],"about":[{"href":"https:\/\/cdnoticias.com\/index.php\/wp-json\/wp\/v2\/types\/post"}],"author":[{"embeddable":true,"href":"https:\/\/cdnoticias.com\/index.php\/wp-json\/wp\/v2\/users\/96739694"}],"replies":[{"embeddable":true,"href":"https:\/\/cdnoticias.com\/index.php\/wp-json\/wp\/v2\/comments?post=136059"}],"version-history":[{"count":0,"href":"https:\/\/cdnoticias.com\/index.php\/wp-json\/wp\/v2\/posts\/136059\/revisions"}],"wp:featuredmedia":[{"embeddable":true,"href":"https:\/\/cdnoticias.com\/index.php\/wp-json\/wp\/v2\/media\/162410"}],"wp:attachment":[{"href":"https:\/\/cdnoticias.com\/index.php\/wp-json\/wp\/v2\/media?parent=136059"}],"wp:term":[{"taxonomy":"category","embeddable":true,"href":"https:\/\/cdnoticias.com\/index.php\/wp-json\/wp\/v2\/categories?post=136059"},{"taxonomy":"post_tag","embeddable":true,"href":"https:\/\/cdnoticias.com\/index.php\/wp-json\/wp\/v2\/tags?post=136059"}],"curies":[{"name":"wp","href":"https:\/\/api.w.org\/{rel}","templated":true}]}}