{"id":136055,"date":"2024-08-25T23:28:40","date_gmt":"2024-08-26T02:28:40","guid":{"rendered":"https:\/\/centraldeportes.com.ar\/?p=54457"},"modified":"2024-08-25T23:28:40","modified_gmt":"2024-08-26T02:28:40","slug":"violenta-agresion-hacia-el-arbitro-principal-de-estudiantes-espigas-2","status":"publish","type":"post","link":"https:\/\/cdnoticias.com\/index.php\/2024\/08\/25\/violenta-agresion-hacia-el-arbitro-principal-de-estudiantes-espigas-2\/","title":{"rendered":"Violenta agresi\u00f3n hacia el \u00e1rbitro principal de Estudiantes &#8211; Espigas"},"content":{"rendered":"\n<div class=\"wp-block-group is-layout-constrained wp-block-group-is-layout-constrained\">\n<p>El lamentable suceso ocurri\u00f3 una vez culminado el partido, que finaliz\u00f3 en ag\u00f3nico festejo para el \u201cBataraz\u201d. Fue derivado de inmediato al nosocomio local, donde present\u00f3 mejor\u00edas.<!--more--><\/p>\n<hr \/>\n<p>Otro repudiable hecho de violencia volvi\u00f3 a opacar la jornada futbol\u00edstica que organiza la Liga de F\u00fatbol de Olavarr\u00eda. <strong>En la tarde noche de este domingo, cuando finaliz\u00f3 el partido entre Estudiantes y Espigas, fue agredido f\u00edsicamente el \u00e1rbitro principal, Lautaro Bessia<\/strong>.<\/p>\n<p>\u00a0<\/p>\n<p>El grave accionar sucedi\u00f3 en el ingreso a zona de vestuarios del Estadio Parque Carlos Guerrero. All\u00ed, <strong>un colaborador del cuerpo t\u00e9cnico del equipo \u201cVerdirrojo\u201d violent\u00f3 al colegiado, quien qued\u00f3 tendido en el suelo inconsciente varios minutos y debi\u00f3 ser trasladado en ambulancia al Hospital Municipal<\/strong>.<\/p>\n<p>\u00a0<\/p>\n<p>Horas despu\u00e9s y tras realizarle estudios m\u00e9dicos (tomograf\u00eda), <strong>Bessia logr\u00f3 recuperarse y permanecer\u00e1 internado en observaci\u00f3n<\/strong>. Hubo, adem\u00e1s, denuncia por parte de la Asociaci\u00f3n \u00c1rbitros de Olavarr\u00eda.<\/p>\n<p>\u00a0<\/p>\n<p>El duelo termin\u00f3 <strong>1 a 0<\/strong> a favor de Estudiantes, con gol de <strong>Franco Peralta<\/strong> a los 50\u2019 del segundo tiempo.<\/p>\n<p>\u00a0<\/p>\n<p><em><strong>Foto: Gabriel Foti \/\/ Olavarr\u00eda Noticias.<\/strong><\/em><\/p>\n<\/div>\n","protected":false},"excerpt":{"rendered":"<p>El lamentable suceso ocurri\u00f3 una vez culminado el partido, que finaliz\u00f3 en ag\u00f3nico festejo para el \u201cBataraz\u201d. Fue derivado de<\/p>\n","protected":false},"author":96739695,"featured_media":54458,"comment_status":"closed","ping_status":"closed","sticky":false,"template":"","format":"standard","meta":{"_jetpack_memberships_contains_paid_content":false,"footnotes":""},"categories":[35,1,41],"tags":[],"class_list":["post-136055","post","type-post","status-publish","format-standard","has-post-thumbnail","hentry","category-futbol","category-portada","category-primera-y-reserva"],"jetpack_featured_media_url":"","jetpack_sharing_enabled":true,"_links":{"self":[{"href":"https:\/\/cdnoticias.com\/index.php\/wp-json\/wp\/v2\/posts\/136055","targetHints":{"allow":["GET"]}}],"collection":[{"href":"https:\/\/cdnoticias.com\/index.php\/wp-json\/wp\/v2\/posts"}],"about":[{"href":"https:\/\/cdnoticias.com\/index.php\/wp-json\/wp\/v2\/types\/post"}],"author":[{"embeddable":true,"href":"https:\/\/cdnoticias.com\/index.php\/wp-json\/wp\/v2\/users\/96739695"}],"replies":[{"embeddable":true,"href":"https:\/\/cdnoticias.com\/index.php\/wp-json\/wp\/v2\/comments?post=136055"}],"version-history":[{"count":0,"href":"https:\/\/cdnoticias.com\/index.php\/wp-json\/wp\/v2\/posts\/136055\/revisions"}],"wp:featuredmedia":[{"embeddable":true,"href":"https:\/\/cdnoticias.com\/index.php\/wp-json\/"}],"wp:attachment":[{"href":"https:\/\/cdnoticias.com\/index.php\/wp-json\/wp\/v2\/media?parent=136055"}],"wp:term":[{"taxonomy":"category","embeddable":true,"href":"https:\/\/cdnoticias.com\/index.php\/wp-json\/wp\/v2\/categories?post=136055"},{"taxonomy":"post_tag","embeddable":true,"href":"https:\/\/cdnoticias.com\/index.php\/wp-json\/wp\/v2\/tags?post=136055"}],"curies":[{"name":"wp","href":"https:\/\/api.w.org\/{rel}","templated":true}]}}