{"id":136048,"date":"2024-08-25T00:29:39","date_gmt":"2024-08-25T03:29:39","guid":{"rendered":"https:\/\/centraldeportes.com.ar\/?p=54396"},"modified":"2025-02-13T21:43:56","modified_gmt":"2025-02-14T00:43:56","slug":"inferiores-se-jugo-otra-fecha-del-clausura-pero-tambien-dejo-pendientes","status":"publish","type":"post","link":"https:\/\/cdnoticias.com\/index.php\/2024\/08\/25\/inferiores-se-jugo-otra-fecha-del-clausura-pero-tambien-dejo-pendientes\/","title":{"rendered":"Inferiores: se jug\u00f3 otra fecha del Clausura, pero tambi\u00e9n dej\u00f3 pendientes"},"content":{"rendered":"<p>A lo largo de este s\u00e1bado, las categor\u00edas del f\u00fatbol menor jugaron casi en su totalidad la 4\u00b0 fecha del Torneo \u201cRa\u00fal Moriones\u201d. Fueron postergados los cruces entre Luj\u00e1n y Municipales.<!--more--><\/p>\n<hr \/>\n<p>Jornada fr\u00eda y con mucho f\u00fatbol se vivi\u00f3 este s\u00e1bado en los escenarios olavarrienses, donde los m\u00e1s chicos disputaron en gran parte la <strong>4\u00b0 fecha del Torneo Clausura \u201cRa\u00fal Moriones\u201d<\/strong>.<\/p>\n<p>&nbsp;<\/p>\n<p>La cita no se dio en su totalidad ya que<strong> fueron suspendidos los partidos de S\u00e9ptima y Quinta entre Luj\u00e1n y Municipales<\/strong>. Es que, como consecuencia de la lluvia ca\u00edda el pasado mi\u00e9rcoles en la ciudad, el camino de entrada y la cancha a utilizar de La Tradici\u00f3n se encontraban a\u00fan con mucha agua.<\/p>\n<p>&nbsp;<\/p>\n<p><strong>Seg\u00fan se indic\u00f3, los duelos se jugar\u00edan el pr\u00f3ximo martes en el Estadio Jos\u00e9 Salvador Stuppia.<\/strong><\/p>\n<p>&nbsp;<\/p>\n<p>Sin embargo, en cuanto al balance de la fecha, <strong>Ferro<\/strong> y <strong>Embajadores<\/strong> lograron imponerse en todas las categor\u00edas que disputaron y <strong>El Fort\u00edn<\/strong> cosech\u00f3 una jornada m\u00e1s que positiva ante <strong>Estudiantes<\/strong>. A su vez, <strong>Sierra Chica<\/strong> y <strong>San Mart\u00edn<\/strong> se repartieron resultados y, en uno de los cruces con divisi\u00f3n de local\u00edas, <strong>Racing<\/strong> asest\u00f3 un festejo m\u00e1s que <strong>Loma Negra<\/strong> en el conteo final.<\/p>\n<p>&nbsp;<\/p>\n<p>[soliloquy id=&#8221;54362&#8243;]<\/p>\n<p>&nbsp;<\/p>\n<ul>\n<li>\n<h6><strong>Resultados:<\/strong><\/h6>\n<\/li>\n<\/ul>\n<p>&nbsp;<\/p>\n<h6><strong>En D\u00e9cima<\/strong><\/h6>\n<p>Hinojo <strong>0 \u2013 1<\/strong> Ferro<\/p>\n<p>Sierra Chica <strong>0 \u2013 3<\/strong> San Mart\u00edn<\/p>\n<p>Estudiantes <strong>0 \u2013 1<\/strong> El Fort\u00edn<\/p>\n<p>Racing <strong>2 \u2013 0<\/strong> Loma Negra<\/p>\n<p><img data-recalc-dims=\"1\" loading=\"lazy\" decoding=\"async\" class=\"aligncenter size-full wp-image-54398\" src=\"https:\/\/i0.wp.com\/cdnoticias.com\/wp-content\/uploads\/2024\/08\/Clausura-2024-Fecha-4-Decima.png?resize=789%2C487&#038;ssl=1\" alt=\"\" width=\"789\" height=\"487\" \/><\/p>\n<p>&nbsp;<\/p>\n<h6><strong>En Novena<\/strong><\/h6>\n<p>Embajadores <strong>10 \u2013 0<\/strong> Colonias y Cerros<\/p>\n<p>Hinojo <strong>1 \u2013 1<\/strong> Ferro<\/p>\n<p>Estudiantes <strong>1 \u2013 4<\/strong> El Fort\u00edn<\/p>\n<p>Racing <strong>3 \u2013 1<\/strong> Loma Negra<\/p>\n<p><img data-recalc-dims=\"1\" loading=\"lazy\" decoding=\"async\" class=\"aligncenter size-full wp-image-54399\" src=\"https:\/\/i0.wp.com\/cdnoticias.com\/wp-content\/uploads\/2024\/08\/Clausura-2024-Fecha-4-Novena.png?resize=788%2C487&#038;ssl=1\" alt=\"\" width=\"788\" height=\"487\" \/><\/p>\n<p>&nbsp;<\/p>\n<h6><strong>En Octava<\/strong><\/h6>\n<p>Estudiantes <strong>1 \u2013 2<\/strong> El Fort\u00edn<\/p>\n<p>Racing <strong>1 \u2013 2<\/strong> Loma Negra<\/p>\n<p><img data-recalc-dims=\"1\" loading=\"lazy\" decoding=\"async\" class=\"aligncenter size-full wp-image-54400\" src=\"https:\/\/i0.wp.com\/cdnoticias.com\/wp-content\/uploads\/2024\/08\/Clausura-2024-Fecha-4-Octava.png?resize=789%2C404&#038;ssl=1\" alt=\"\" width=\"789\" height=\"404\" \/><\/p>\n<p>&nbsp;<\/p>\n<h6><strong>En S\u00e9ptima<\/strong><\/h6>\n<p>Luj\u00e1n \u2013 Municipales (<strong>Suspendido<\/strong>)<\/p>\n<p>Embajadores <strong>15 \u2013 1<\/strong> Colonias y Cerros<\/p>\n<p>Sierra Chica <strong>2 \u2013 1<\/strong> San Mart\u00edn<\/p>\n<p>El Fort\u00edn <strong>0 \u2013 1<\/strong> Estudiantes<\/p>\n<p>Loma Negra <strong>1 \u2013 2<\/strong> Racing<\/p>\n<p><img data-recalc-dims=\"1\" loading=\"lazy\" decoding=\"async\" class=\"aligncenter size-full wp-image-54402\" src=\"https:\/\/i0.wp.com\/cdnoticias.com\/wp-content\/uploads\/2024\/08\/Clausura-2024-Fecha-4-Septima.png?resize=786%2C528&#038;ssl=1\" alt=\"\" width=\"786\" height=\"528\" \/><\/p>\n<p>&nbsp;<\/p>\n<h6><strong>En Sexta<\/strong><\/h6>\n<p>Embajadores <strong>2 \u2013 1<\/strong> Colonias y Cerros<\/p>\n<p>El Fort\u00edn <strong>2 \u2013 0<\/strong> Estudiantes<\/p>\n<p>Loma Negra <strong>2 \u2013 2<\/strong> Racing<\/p>\n<p><img data-recalc-dims=\"1\" loading=\"lazy\" decoding=\"async\" class=\"aligncenter size-full wp-image-54403\" src=\"https:\/\/i0.wp.com\/cdnoticias.com\/wp-content\/uploads\/2024\/08\/Clausura-2024-Fecha-4-Sexta.png?resize=791%2C400&#038;ssl=1\" alt=\"\" width=\"791\" height=\"400\" \/><\/p>\n<p>&nbsp;<\/p>\n<h6><strong>En Quinta<\/strong><\/h6>\n<p>Luj\u00e1n \u2013 Municipales (<strong>Suspendido<\/strong>)<\/p>\n<p>Hinojo <strong>0 \u2013 8<\/strong> Ferro<\/p>\n<p>Sierra Chica <strong>1 \u2013 1<\/strong> San Mart\u00edn<\/p>\n<p>El Fort\u00edn <strong>0 \u2013 0<\/strong> Estudiantes<\/p>\n<p>Loma Negra <strong>2 \u2013 1<\/strong> Racing<\/p>\n<p><img data-recalc-dims=\"1\" loading=\"lazy\" decoding=\"async\" class=\"aligncenter size-full wp-image-54401\" src=\"https:\/\/i0.wp.com\/cdnoticias.com\/wp-content\/uploads\/2024\/08\/Clausura-2024-Fecha-4-Quinta.png?resize=791%2C527&#038;ssl=1\" alt=\"\" width=\"791\" height=\"527\" \/><\/p>\n","protected":false},"excerpt":{"rendered":"<p>A lo largo de este s\u00e1bado, las categor\u00edas del f\u00fatbol menor jugaron casi en su totalidad la 4\u00b0 fecha del<\/p>\n","protected":false},"author":96739694,"featured_media":162449,"comment_status":"closed","ping_status":"closed","sticky":false,"template":"","format":"standard","meta":{"_jetpack_memberships_contains_paid_content":false,"footnotes":""},"categories":[35,40,1],"tags":[],"class_list":["post-136048","post","type-post","status-publish","format-standard","has-post-thumbnail","hentry","category-futbol","category-inferiores","category-portada"],"jetpack_featured_media_url":"https:\/\/i0.wp.com\/cdnoticias.com\/wp-content\/uploads\/2024\/08\/inf-lfo-14.jpg?fit=1280%2C853&ssl=1","jetpack_sharing_enabled":true,"_links":{"self":[{"href":"https:\/\/cdnoticias.com\/index.php\/wp-json\/wp\/v2\/posts\/136048","targetHints":{"allow":["GET"]}}],"collection":[{"href":"https:\/\/cdnoticias.com\/index.php\/wp-json\/wp\/v2\/posts"}],"about":[{"href":"https:\/\/cdnoticias.com\/index.php\/wp-json\/wp\/v2\/types\/post"}],"author":[{"embeddable":true,"href":"https:\/\/cdnoticias.com\/index.php\/wp-json\/wp\/v2\/users\/96739694"}],"replies":[{"embeddable":true,"href":"https:\/\/cdnoticias.com\/index.php\/wp-json\/wp\/v2\/comments?post=136048"}],"version-history":[{"count":0,"href":"https:\/\/cdnoticias.com\/index.php\/wp-json\/wp\/v2\/posts\/136048\/revisions"}],"wp:featuredmedia":[{"embeddable":true,"href":"https:\/\/cdnoticias.com\/index.php\/wp-json\/wp\/v2\/media\/162449"}],"wp:attachment":[{"href":"https:\/\/cdnoticias.com\/index.php\/wp-json\/wp\/v2\/media?parent=136048"}],"wp:term":[{"taxonomy":"category","embeddable":true,"href":"https:\/\/cdnoticias.com\/index.php\/wp-json\/wp\/v2\/categories?post=136048"},{"taxonomy":"post_tag","embeddable":true,"href":"https:\/\/cdnoticias.com\/index.php\/wp-json\/wp\/v2\/tags?post=136048"}],"curies":[{"name":"wp","href":"https:\/\/api.w.org\/{rel}","templated":true}]}}