{"id":136042,"date":"2024-08-24T10:55:43","date_gmt":"2024-08-24T13:55:43","guid":{"rendered":"https:\/\/centraldeportes.com.ar\/?p=54338"},"modified":"2025-02-13T21:44:10","modified_gmt":"2025-02-14T00:44:10","slug":"en-la-vuelta-de-marin-estudiantes-vencio-a-racing-y-se-quedo-con-el-clasico","status":"publish","type":"post","link":"https:\/\/cdnoticias.com\/index.php\/2024\/08\/24\/en-la-vuelta-de-marin-estudiantes-vencio-a-racing-y-se-quedo-con-el-clasico\/","title":{"rendered":"En la vuelta de Mar\u00edn, Estudiantes venci\u00f3 a Racing y se qued\u00f3 con el cl\u00e1sico"},"content":{"rendered":"<p>Por el partido debut del Torneo Pre-Federal, el \u201cBata\u201d se impuso 76 a 70 ante el \u201cChaira\u201d en el Parque Olavarr\u00eda y cort\u00f3 una extensa racha en el historial por torneos provinciales.<!--more--><\/p>\n<hr \/>\n<p>En la noche de este viernes, <strong>Estudiantes<\/strong> vol\u00f3 alto con el regreso del <strong>\u201cP\u00e1jaro\u201d Mar\u00edn<\/strong> al equipo de Primera Divisi\u00f3n. Y fue con festejo ante <strong>Racing<\/strong>, el cl\u00e1sico rival, por la<strong> 1\u00b0 fecha de la Zona Sur<\/strong> correspondiente al <strong>Torneo Pre-Federal<\/strong>.<\/p>\n<p>&nbsp;<\/p>\n<p>Previo minuto de silencio en memoria de <a href=\"https:\/\/cdnoticias.com\/dolor-en-el-basquet-local-por-el-fallecimiento-de-un-jugador-de-maxiliga\/\">Carlos \u201cChacra\u201d De la Quintana<\/a> y en un colmado gimnasio del Parque Olavarr\u00eda,<strong> el \u201cBataraz\u201d derrot\u00f3 76 a 70 al \u201cChaira\u201d y, adem\u00e1s de quedarse con el cl\u00e1sico, dej\u00f3 atr\u00e1s una racha hist\u00f3rica frente a su cl\u00e1sico rival por torneos provinciales<\/strong>. La \u00faltima victoria del \u201cAlbinegro\u201d hab\u00eda sido en noviembre del 2008 (aporte del periodista deportivo Fabi\u00e1n Casanella).<\/p>\n<p>&nbsp;<\/p>\n<p><strong>Federico Mar\u00edn<\/strong> (22 puntos y 9 rebotes) y <strong>Leandro Mateo<\/strong> (21 puntos y 9 rebotes) fueron las figuras en el combinado \u201cAlbinegro\u201d, mientras que <strong>Mat\u00edas Santana<\/strong> (20 puntos y 9 rebotes) y <strong>Manuel Yaben<\/strong> (12 puntos y 11 rebotes) se destacaron \u201cLa Estrellita\u201d.<\/p>\n<p>&nbsp;<\/p>\n<ul>\n<li>\n<h6><strong>El partido<\/strong><\/h6>\n<\/li>\n<\/ul>\n<p>&nbsp;<\/p>\n<p>Rompiendo la defensa \u201cChaira\u201d y penetrando en la zona interna, m\u00e1s las buenas intervenciones de Leandro Mateo bajo el poste, Estudiantes comenz\u00f3 liderando las acciones en el parquet con una leve diferencia. No obstante, Racing, que pudo levantar reci\u00e9n sobre el final del a primera chicharra, se lo vio apurado en ofensiva y eso le gener\u00f3 varias p\u00e9rdidas y falta de punter\u00eda a la hora de concretar.<\/p>\n<p>&nbsp;<\/p>\n<p>[soliloquy id=&#8221;54301&#8243;]<\/p>\n<p>&nbsp;<\/p>\n<p>Aun as\u00ed, los dirigidos por Orlando cambiaron r\u00e1pido el chip y mostraron otra cara en el segundo cuarto. Fue quiz\u00e1 el mejor momento de Racing en el partido. La defensa f\u00e9rrea que propuso fue un factor an\u00edmico que le permiti\u00f3 retrucar del otro lado con Alonso abajo y achic\u00f3 distancias (22 \u2013 28) ante un \u201cBata\u201d con poco goleo.<\/p>\n<p>&nbsp;<\/p>\n<p>En la vuelta del descanso largo, los de Beltramella volvieron a las bases y buscaron meter la bola abajo para aprovechar los posteos de Leandro Mateo y aumentar la corta diferencia. Racing, con varias conversiones desde la l\u00ednea de libres m\u00e1s el aporte de Mat\u00edas Santana, logr\u00f3 empardar el tanteador, pero un triple de Echevarr\u00eda en un momento oportuno y un doble-bonus de Mateo termin\u00f3 d\u00e1ndole un buen cierre de cuarto al conjunto \u201cAlbinegro\u201d.<\/p>\n<p>&nbsp;<\/p>\n<p>En el desenlace final, Estudiantes ajust\u00f3 defensa en zona, aguant\u00f3 los embates de Racing y replic\u00f3 cuanto pudo del otro lado para prevalecer una diferencia de 10 unidades. El \u201cChaira\u201d no se dio por vencido y se mantuvo a la expectativa (lleg\u00f3 a descontar por debajo de cinco), pero el \u201cBata\u201d, con la experiencia de sus protagonistas, enfri\u00f3 a tiempo las acciones para quedarse con el partido y el cl\u00e1sico olavarriense de Pre-Federal.<\/p>\n<p>&nbsp;<\/p>\n<p>La <strong>2\u00b0 fecha<\/strong>, a disputarse el pr\u00f3ximo fin de semana, <strong>Estudiantes recibir\u00e1 en el Maxigimnasio a Kimberley de Mar del Plata<\/strong> (venci\u00f3 84 a 60 a Centro Basko en el debut), mientras que <strong>Racing saldr\u00e1 a la ruta y visitar\u00e1 a Independiente de Tandil en el Duggan Martignoni<\/strong>.<\/p>\n<p>&nbsp;<\/p>\n<p>S\u00edntesis Racing \u2013 Estudiantes:<\/p>\n<p>Estadio: Parque Olavarr\u00eda.<\/p>\n<p>\u00c1rbitros: Alejandro Chantiri y David Su\u00e1rez.<\/p>\n<p><strong>Racing (70)<\/strong>: <strong>Baffo (4), Mat\u00edas Santana (20), Mart\u00edn Santana (9), Yaben (12), D\u2019Alessio (4) \u2013 FI \u2013 V\u00e1zquez (4), Silber (9), Ruiz (0), Alonso (6), Melo (2), D\u00edaz Herrera (0), Larregina (0). DT: Mat\u00edas Orlando.<\/strong><\/p>\n<p><strong>Estudiantes (76)<\/strong>: <strong>Leandro Mateo (21), Silveyra (7), Piccinelli (12), Dilascio (0), Mar\u00edn (22) \u2013 FI \u2013 Beltramella (3), Callegaro (0), Echevarr\u00eda (7), Juan Mateo (4), Mondini (0). DT: Mauricio Beltramella.<\/strong><\/p>\n<p>Parciales: 11 \u2013 22; 30 \u2013 35; 45 \u2013 57 y 70 \u2013 76.<\/p>\n","protected":false},"excerpt":{"rendered":"<p>Por el partido debut del Torneo Pre-Federal, el \u201cBata\u201d se impuso 76 a 70 ante el \u201cChaira\u201d en el Parque<\/p>\n","protected":false},"author":96739694,"featured_media":162471,"comment_status":"closed","ping_status":"closed","sticky":false,"template":"","format":"standard","meta":{"_jetpack_memberships_contains_paid_content":false,"footnotes":""},"categories":[31,1,60],"tags":[],"class_list":["post-136042","post","type-post","status-publish","format-standard","has-post-thumbnail","hentry","category-basquet","category-portada","category-torneo-pre-federal"],"jetpack_featured_media_url":"https:\/\/i0.wp.com\/cdnoticias.com\/wp-content\/uploads\/2024\/08\/rac-cae-prefed-marin-4.jpg?fit=1280%2C853&ssl=1","jetpack_sharing_enabled":true,"_links":{"self":[{"href":"https:\/\/cdnoticias.com\/index.php\/wp-json\/wp\/v2\/posts\/136042","targetHints":{"allow":["GET"]}}],"collection":[{"href":"https:\/\/cdnoticias.com\/index.php\/wp-json\/wp\/v2\/posts"}],"about":[{"href":"https:\/\/cdnoticias.com\/index.php\/wp-json\/wp\/v2\/types\/post"}],"author":[{"embeddable":true,"href":"https:\/\/cdnoticias.com\/index.php\/wp-json\/wp\/v2\/users\/96739694"}],"replies":[{"embeddable":true,"href":"https:\/\/cdnoticias.com\/index.php\/wp-json\/wp\/v2\/comments?post=136042"}],"version-history":[{"count":0,"href":"https:\/\/cdnoticias.com\/index.php\/wp-json\/wp\/v2\/posts\/136042\/revisions"}],"wp:featuredmedia":[{"embeddable":true,"href":"https:\/\/cdnoticias.com\/index.php\/wp-json\/wp\/v2\/media\/162471"}],"wp:attachment":[{"href":"https:\/\/cdnoticias.com\/index.php\/wp-json\/wp\/v2\/media?parent=136042"}],"wp:term":[{"taxonomy":"category","embeddable":true,"href":"https:\/\/cdnoticias.com\/index.php\/wp-json\/wp\/v2\/categories?post=136042"},{"taxonomy":"post_tag","embeddable":true,"href":"https:\/\/cdnoticias.com\/index.php\/wp-json\/wp\/v2\/tags?post=136042"}],"curies":[{"name":"wp","href":"https:\/\/api.w.org\/{rel}","templated":true}]}}