{"id":136037,"date":"2024-08-23T13:24:33","date_gmt":"2024-08-23T16:24:33","guid":{"rendered":"https:\/\/centraldeportes.com.ar\/?p=54289"},"modified":"2025-02-13T21:44:15","modified_gmt":"2025-02-14T00:44:15","slug":"dolor-en-el-basquet-local-por-el-fallecimiento-de-un-jugador-de-maxiliga","status":"publish","type":"post","link":"https:\/\/cdnoticias.com\/index.php\/2024\/08\/23\/dolor-en-el-basquet-local-por-el-fallecimiento-de-un-jugador-de-maxiliga\/","title":{"rendered":"Dolor en el b\u00e1squet local por el fallecimiento de un jugador de Maxiliga"},"content":{"rendered":"<p>En la noche del jueves comenz\u00f3 a jugarse el segundo torneo del a\u00f1o de la Asociaci\u00f3n de B\u00e1squet de Olavarr\u00eda para la Maxiliga, pero la jornada se vio apa\u00f1ada por el fallecimiento de un jugador.<\/p>\n<p><!--more--><\/p>\n<hr \/>\n<p>Carlos De la Quintana falleci\u00f3 en la noche del jueves tras sufrir una descompensaci\u00f3n en el partido inaugural del Torneo Clausura de Maxiliga.<\/p>\n<p>&nbsp;<\/p>\n<p>En el De la Vega, Ferro recib\u00eda al CEF N\u00b044 pero el partido fue suspendido cuando el reconocido deportista se descompens\u00f3.<\/p>\n<p>&nbsp;<\/p>\n<p>A pesar de la r\u00e1pida llamada a la ambulancia, los profesionales poco pudieron hacer para salvarle la vida.<\/p>\n<p>&nbsp;<\/p>\n<p>Desde la entidad reguladora del b\u00e1squet local emitieron un comunicado lamentando el deceso.<\/p>\n","protected":false},"excerpt":{"rendered":"<p>En la noche del jueves comenz\u00f3 a jugarse el segundo torneo del a\u00f1o de la Asociaci\u00f3n de B\u00e1squet de Olavarr\u00eda<\/p>\n","protected":false},"author":96739694,"featured_media":162480,"comment_status":"closed","ping_status":"closed","sticky":false,"template":"","format":"standard","meta":{"_jetpack_memberships_contains_paid_content":false,"footnotes":""},"categories":[31,1,43],"tags":[],"class_list":["post-136037","post","type-post","status-publish","format-standard","has-post-thumbnail","hentry","category-basquet","category-portada","category-primera"],"jetpack_featured_media_url":"https:\/\/i0.wp.com\/cdnoticias.com\/wp-content\/uploads\/2024\/08\/chacra.jpg?fit=800%2C445&ssl=1","jetpack_sharing_enabled":true,"_links":{"self":[{"href":"https:\/\/cdnoticias.com\/index.php\/wp-json\/wp\/v2\/posts\/136037","targetHints":{"allow":["GET"]}}],"collection":[{"href":"https:\/\/cdnoticias.com\/index.php\/wp-json\/wp\/v2\/posts"}],"about":[{"href":"https:\/\/cdnoticias.com\/index.php\/wp-json\/wp\/v2\/types\/post"}],"author":[{"embeddable":true,"href":"https:\/\/cdnoticias.com\/index.php\/wp-json\/wp\/v2\/users\/96739694"}],"replies":[{"embeddable":true,"href":"https:\/\/cdnoticias.com\/index.php\/wp-json\/wp\/v2\/comments?post=136037"}],"version-history":[{"count":0,"href":"https:\/\/cdnoticias.com\/index.php\/wp-json\/wp\/v2\/posts\/136037\/revisions"}],"wp:featuredmedia":[{"embeddable":true,"href":"https:\/\/cdnoticias.com\/index.php\/wp-json\/wp\/v2\/media\/162480"}],"wp:attachment":[{"href":"https:\/\/cdnoticias.com\/index.php\/wp-json\/wp\/v2\/media?parent=136037"}],"wp:term":[{"taxonomy":"category","embeddable":true,"href":"https:\/\/cdnoticias.com\/index.php\/wp-json\/wp\/v2\/categories?post=136037"},{"taxonomy":"post_tag","embeddable":true,"href":"https:\/\/cdnoticias.com\/index.php\/wp-json\/wp\/v2\/tags?post=136037"}],"curies":[{"name":"wp","href":"https:\/\/api.w.org\/{rel}","templated":true}]}}