{"id":136031,"date":"2024-08-22T14:33:38","date_gmt":"2024-08-22T17:33:38","guid":{"rendered":"https:\/\/centraldeportes.com.ar\/?p=54261"},"modified":"2024-08-22T14:33:38","modified_gmt":"2024-08-22T17:33:38","slug":"nuevo-sistema-luminico-para-el-buglione-martinese-2","status":"publish","type":"post","link":"https:\/\/cdnoticias.com\/index.php\/2024\/08\/22\/nuevo-sistema-luminico-para-el-buglione-martinese-2\/","title":{"rendered":"Nuevo sistema lum\u00ednico para el Buglione Martinese"},"content":{"rendered":"<p>La Comisi\u00f3n Directiva de Racing dio a conocer que realizaron una importante inversi\u00f3n para reemplazar todas las luminarias del Buglione Martinese.<!--more--><\/p>\n<hr \/>\n<p>El Estadio Jos\u00e9 Buglione Martinese de Racing contar\u00e1 con un nuevo sistema de iluminaci\u00f3n con reemplazo de todas sus luminarias a tecnolog\u00eda Led realizando una importante inversi\u00f3n realizada en conjunto por el Departamento de F\u00fatbol y la Comisi\u00f3n Directiva.<\/p>\n<p>&nbsp;<\/p>\n<p>La obra que comenzar\u00e1 a realizarse en las pr\u00f3ximas semanas implica la renovaci\u00f3n de las luces de cada torre que pasar\u00e1 a contar con 6 equipos Led de 1000W.<\/p>\n","protected":false},"excerpt":{"rendered":"<p>La Comisi\u00f3n Directiva de Racing dio a conocer que realizaron una importante inversi\u00f3n para reemplazar todas las luminarias del Buglione<\/p>\n","protected":false},"author":96739695,"featured_media":54262,"comment_status":"closed","ping_status":"closed","sticky":false,"template":"","format":"standard","meta":{"_jetpack_memberships_contains_paid_content":false,"footnotes":""},"categories":[30,1],"tags":[],"class_list":["post-136031","post","type-post","status-publish","format-standard","has-post-thumbnail","hentry","category-polideportivo","category-portada"],"jetpack_featured_media_url":"","jetpack_sharing_enabled":true,"_links":{"self":[{"href":"https:\/\/cdnoticias.com\/index.php\/wp-json\/wp\/v2\/posts\/136031","targetHints":{"allow":["GET"]}}],"collection":[{"href":"https:\/\/cdnoticias.com\/index.php\/wp-json\/wp\/v2\/posts"}],"about":[{"href":"https:\/\/cdnoticias.com\/index.php\/wp-json\/wp\/v2\/types\/post"}],"author":[{"embeddable":true,"href":"https:\/\/cdnoticias.com\/index.php\/wp-json\/wp\/v2\/users\/96739695"}],"replies":[{"embeddable":true,"href":"https:\/\/cdnoticias.com\/index.php\/wp-json\/wp\/v2\/comments?post=136031"}],"version-history":[{"count":0,"href":"https:\/\/cdnoticias.com\/index.php\/wp-json\/wp\/v2\/posts\/136031\/revisions"}],"wp:featuredmedia":[{"embeddable":true,"href":"https:\/\/cdnoticias.com\/index.php\/wp-json\/"}],"wp:attachment":[{"href":"https:\/\/cdnoticias.com\/index.php\/wp-json\/wp\/v2\/media?parent=136031"}],"wp:term":[{"taxonomy":"category","embeddable":true,"href":"https:\/\/cdnoticias.com\/index.php\/wp-json\/wp\/v2\/categories?post=136031"},{"taxonomy":"post_tag","embeddable":true,"href":"https:\/\/cdnoticias.com\/index.php\/wp-json\/wp\/v2\/tags?post=136031"}],"curies":[{"name":"wp","href":"https:\/\/api.w.org\/{rel}","templated":true}]}}