{"id":136029,"date":"2024-08-21T18:53:21","date_gmt":"2024-08-21T21:53:21","guid":{"rendered":"https:\/\/centraldeportes.com.ar\/?p=54252"},"modified":"2025-02-13T21:42:28","modified_gmt":"2025-02-14T00:42:28","slug":"ciclismo-volvio-la-actividad-de-c-o-l-en-la-bota","status":"publish","type":"post","link":"https:\/\/cdnoticias.com\/index.php\/2024\/08\/21\/ciclismo-volvio-la-actividad-de-c-o-l-en-la-bota\/","title":{"rendered":"Ciclismo: volvi\u00f3 la actividad de C.O.L. en La Bota"},"content":{"rendered":"\n<div class=\"wp-block-group is-layout-constrained wp-block-group-is-layout-constrained\">\n<p>El pasado domingo y tras m\u00e1s de un mes de inactividad en Olavarr\u00eda, volvi\u00f3 el ciclismo a la ciudad con un encuentro regional organizado por la agrupaci\u00f3n Ciclismo Olavarriense Libre.<!--more--><\/p>\n<hr \/>\n<p>M\u00e1s de un centenar de deportistas locales y de la zona se acercaron hasta<strong> \u201cLa Bota\u201d<\/strong> para ser parte del regreso del ciclismo a la Ciudad.<\/p>\n<p>\u00a0<\/p>\n<p>Entre los resultados destacados, la categor\u00eda principal consagr\u00f3 a <strong>Williams Brun<\/strong> y en Damas festej\u00f3 <strong>Selva Pagano<\/strong>. Adem\u00e1s <strong>hubo carrera de Infantiles con importante convocatoria en el &#8220;D\u00eda de las Infancias&#8221;<\/strong>.<\/p>\n<p>\u00a0<\/p>\n<ul>\n<li>\n<h6><strong>Los resultados:<\/strong><\/h6>\n<\/li>\n<\/ul>\n<p>\u00a0<\/p>\n<p><strong>MTB<\/strong><\/p>\n<p>1\u00b0 Marcos Ram\u00edrez<\/p>\n<p>2\u00b0 Maximiliano Bedouret<\/p>\n<p><br \/><strong>Principiantes<\/strong><\/p>\n<p>1\u00b0 Gabriel Chavarr\u00eda<\/p>\n<p>2\u00b0 I\u00f1aki Fuchila<\/p>\n<p><br \/><strong>M\u00e1ster D y Damas<\/strong><\/p>\n<p>1\u00b0 Miguel Ocanto<\/p>\n<p>2\u00b0 Selva Pagano<\/p>\n<p><br \/><strong>M\u00e1ster E<\/strong><\/p>\n<p>1\u00b0 Oscar Orono<\/p>\n<p><br \/><strong>Damas<\/strong><\/p>\n<p>1\u00b0 Selva Pagano<\/p>\n<p>2\u00b0 Tania Ponce de Le\u00f3n<\/p>\n<p>3\u00b0 Luj\u00e1n Barra<\/p>\n<p><br \/><strong>Mayores de 40<\/strong><\/p>\n<p>1\u00b0 Luis Agapito<\/p>\n<p>2\u00b0 Ariel Vegue<\/p>\n<p><br \/><strong>Menores de 40<\/strong><\/p>\n<p>1\u00b0 Adri\u00e1n Castro<\/p>\n<p>2\u00b0 Ezequiel Azimonti<\/p>\n<p><br \/><strong>Juveniles<\/strong><\/p>\n<p>1\u00b0 Adri\u00e1n Castro<\/p>\n<p>2\u00b0 Alexander Oron\u00e1<\/p>\n<p><br \/><strong>M\u00e1ster C y B2<\/strong><\/p>\n<p>1\u00b0 Julio Astrada<\/p>\n<p>2\u00b0 Pablo Fioriti<\/p>\n<p><br \/><strong>Libre y B1<\/strong><\/p>\n<p>1\u00b0 Williams Brun<\/p>\n<p>2\u00b0 Claudio Flores<\/p>\n<p>3\u00b0 Mat\u00edas Rosales<\/p>\n<p><br \/><strong>M\u00e1ster B1<\/strong><\/p>\n<p>1\u00b0 Claudio Flores<\/p>\n<p>2\u00b0 Federico G\u00f3mez<\/p>\n<p><br \/><strong>Juniors<\/strong><\/p>\n<p>1\u00b0 Joaqu\u00edn Peralta<\/p>\n<p>2\u00b0 Maximiliano Burgos<\/p>\n<\/div>\n","protected":false},"excerpt":{"rendered":"<p>El pasado domingo y tras m\u00e1s de un mes de inactividad en Olavarr\u00eda, volvi\u00f3 el ciclismo a la ciudad con<\/p>\n","protected":false},"author":96739694,"featured_media":162365,"comment_status":"closed","ping_status":"closed","sticky":false,"template":"","format":"standard","meta":{"_jetpack_memberships_contains_paid_content":false,"footnotes":""},"categories":[30,1],"tags":[],"class_list":["post-136029","post","type-post","status-publish","format-standard","has-post-thumbnail","hentry","category-polideportivo","category-portada"],"jetpack_featured_media_url":"https:\/\/i0.wp.com\/cdnoticias.com\/wp-content\/uploads\/2024\/08\/455908713_122218382180008926_8650877566777497557_n-e1724277184494.jpg?fit=1568%2C832&ssl=1","jetpack_sharing_enabled":true,"_links":{"self":[{"href":"https:\/\/cdnoticias.com\/index.php\/wp-json\/wp\/v2\/posts\/136029","targetHints":{"allow":["GET"]}}],"collection":[{"href":"https:\/\/cdnoticias.com\/index.php\/wp-json\/wp\/v2\/posts"}],"about":[{"href":"https:\/\/cdnoticias.com\/index.php\/wp-json\/wp\/v2\/types\/post"}],"author":[{"embeddable":true,"href":"https:\/\/cdnoticias.com\/index.php\/wp-json\/wp\/v2\/users\/96739694"}],"replies":[{"embeddable":true,"href":"https:\/\/cdnoticias.com\/index.php\/wp-json\/wp\/v2\/comments?post=136029"}],"version-history":[{"count":0,"href":"https:\/\/cdnoticias.com\/index.php\/wp-json\/wp\/v2\/posts\/136029\/revisions"}],"wp:featuredmedia":[{"embeddable":true,"href":"https:\/\/cdnoticias.com\/index.php\/wp-json\/wp\/v2\/media\/162365"}],"wp:attachment":[{"href":"https:\/\/cdnoticias.com\/index.php\/wp-json\/wp\/v2\/media?parent=136029"}],"wp:term":[{"taxonomy":"category","embeddable":true,"href":"https:\/\/cdnoticias.com\/index.php\/wp-json\/wp\/v2\/categories?post=136029"},{"taxonomy":"post_tag","embeddable":true,"href":"https:\/\/cdnoticias.com\/index.php\/wp-json\/wp\/v2\/tags?post=136029"}],"curies":[{"name":"wp","href":"https:\/\/api.w.org\/{rel}","templated":true}]}}