{"id":136025,"date":"2024-08-20T20:04:26","date_gmt":"2024-08-20T23:04:26","guid":{"rendered":"https:\/\/centraldeportes.com.ar\/?p=54213"},"modified":"2025-02-13T21:42:33","modified_gmt":"2025-02-14T00:42:33","slug":"arranco-la-copa-ciudad-de-olavarria-para-las-inferiores-abo","status":"publish","type":"post","link":"https:\/\/cdnoticias.com\/index.php\/2024\/08\/20\/arranco-la-copa-ciudad-de-olavarria-para-las-inferiores-abo\/","title":{"rendered":"Arranc\u00f3 la \u201cCopa Ciudad de Olavarr\u00eda\u201d para las Inferiores ABO"},"content":{"rendered":"<p>En el transcurso de este lunes comenz\u00f3 a disputarse la primera edici\u00f3n de la Copa \u201cCiudad de Olavarr\u00eda\u201d de b\u00e1squet formativo, organizada desde la Asociaci\u00f3n de B\u00e1squet de Olavarr\u00eda, con el acompa\u00f1amiento de la Subsecretar\u00eda de Deportes, a trav\u00e9s de la Direcci\u00f3n de Gesti\u00f3n Deportiva.<!--more--><\/p>\n<hr \/>\n<p>El certamen cuenta con la participaci\u00f3n 8 equipos, entre los que se encuentra incluido el selectivo femenino de la ABO. Otra de las particularidades de la competencia es que aquellos clubes que cuenten tanto con rama femenina como masculina tendr\u00e1n la posibilidad de participar con equipos mixtos.<\/p>\n<p>&nbsp;<\/p>\n<p>Ser\u00e1n parte El Fort\u00edn, San Mart\u00edn de Sierras Bayas, Pueblo Nuevo, Loma Negra, Racing, Estudiantes y Ferro, adem\u00e1s de la mencionada selecci\u00f3n. Se desarrollar\u00e1 en las categor\u00edas U13, U15 y U17.<\/p>\n<p>&nbsp;<\/p>\n\n<p>&nbsp;<\/p>\n<p>En el gimnasio de San Mart\u00edn y en el Amadeo Bellingeri dio comienzo el certamen que se desarrollar\u00e1 de manera complementaria al calendario oficial.<\/p>\n<p>&nbsp;<\/p>\n<p>Los resultados:<\/p>\n<p>U13:<br \/>\nSelectivo ABO 31 \u2013 37 El Fort\u00edn<br \/>\nSan Mart\u00edn 67 \u2013 38 Pueblo Nuevo<\/p>\n<p>U15:<br \/>\nSelectivo ABO 18 \u2013 22 El Fort\u00edn<br \/>\nSan Mart\u00edn 78 \u2013 22 Pueblo Nuevo<\/p>\n<p>U17:<br \/>\nSan Mart\u00edn 35 \u2013 38 Pueblo Nuevo<\/p>\n","protected":false},"excerpt":{"rendered":"<p>En el transcurso de este lunes comenz\u00f3 a disputarse la primera edici\u00f3n de la Copa \u201cCiudad de Olavarr\u00eda\u201d de b\u00e1squet<\/p>\n","protected":false},"author":96739694,"featured_media":162374,"comment_status":"closed","ping_status":"closed","sticky":false,"template":"","format":"standard","meta":{"_jetpack_memberships_contains_paid_content":false,"footnotes":""},"categories":[31,44,1,59],"tags":[],"class_list":["post-136025","post","type-post","status-publish","format-standard","has-post-thumbnail","hentry","category-basquet","category-inferiores-basquet","category-portada","category-sin-categoria"],"jetpack_featured_media_url":"https:\/\/i0.wp.com\/cdnoticias.com\/wp-content\/uploads\/2024\/08\/WhatsApp-Image-2024-08-19-at-20.57.31-e1724195018169.jpeg?fit=1280%2C770&ssl=1","jetpack_sharing_enabled":true,"_links":{"self":[{"href":"https:\/\/cdnoticias.com\/index.php\/wp-json\/wp\/v2\/posts\/136025","targetHints":{"allow":["GET"]}}],"collection":[{"href":"https:\/\/cdnoticias.com\/index.php\/wp-json\/wp\/v2\/posts"}],"about":[{"href":"https:\/\/cdnoticias.com\/index.php\/wp-json\/wp\/v2\/types\/post"}],"author":[{"embeddable":true,"href":"https:\/\/cdnoticias.com\/index.php\/wp-json\/wp\/v2\/users\/96739694"}],"replies":[{"embeddable":true,"href":"https:\/\/cdnoticias.com\/index.php\/wp-json\/wp\/v2\/comments?post=136025"}],"version-history":[{"count":0,"href":"https:\/\/cdnoticias.com\/index.php\/wp-json\/wp\/v2\/posts\/136025\/revisions"}],"wp:featuredmedia":[{"embeddable":true,"href":"https:\/\/cdnoticias.com\/index.php\/wp-json\/wp\/v2\/media\/162374"}],"wp:attachment":[{"href":"https:\/\/cdnoticias.com\/index.php\/wp-json\/wp\/v2\/media?parent=136025"}],"wp:term":[{"taxonomy":"category","embeddable":true,"href":"https:\/\/cdnoticias.com\/index.php\/wp-json\/wp\/v2\/categories?post=136025"},{"taxonomy":"post_tag","embeddable":true,"href":"https:\/\/cdnoticias.com\/index.php\/wp-json\/wp\/v2\/tags?post=136025"}],"curies":[{"name":"wp","href":"https:\/\/api.w.org\/{rel}","templated":true}]}}