{"id":136024,"date":"2024-08-20T16:37:13","date_gmt":"2024-08-20T19:37:13","guid":{"rendered":"https:\/\/centraldeportes.com.ar\/?p=54209"},"modified":"2025-02-13T21:42:35","modified_gmt":"2025-02-14T00:42:35","slug":"gran-actuacion-de-los-olavarrienses-en-el-nacional-de-padel","status":"publish","type":"post","link":"https:\/\/cdnoticias.com\/index.php\/2024\/08\/20\/gran-actuacion-de-los-olavarrienses-en-el-nacional-de-padel\/","title":{"rendered":"Gran actuaci\u00f3n de los olavarrienses en el Nacional de p\u00e1del"},"content":{"rendered":"<p>Durante tres d\u00edas en La Plata se disput\u00f3 el campeonato de Menores que organiz\u00f3 la Federaci\u00f3n Argentina de P\u00e1del. La delegaci\u00f3n de la Asociaci\u00f3n Civil Olavarriense de P\u00e1del obtuvo dos t\u00edtulos y dos subcampeonatos.<!--more--><\/p>\n<hr \/>\n<p>Durante tres d\u00edas en la ciudad de La Plata se realiz\u00f3 el Nacional de Menores organizado por la Federaci\u00f3n Argentina de P\u00e1del con la presencia de los mejores jugadores del pa\u00eds.<\/p>\n<p>&nbsp;<\/p>\n<p>En representaci\u00f3n de ACOP viajaron 16 parejas, los jugadores fueron acompa\u00f1ados por los profesores Nandor Nanton, Ezequiel Grecco y la colaboraci\u00f3n de Francisco Melivilu.<\/p>\n<p>&nbsp;<\/p>\n<p>En cuanto a los resultados la delegaci\u00f3n olavarriense obtuvo dos t\u00edtulos y dos subcampeonatos. Ian Barrag\u00e1n y Valentino Mart\u00ednez se consagraron campeones en Sexta categor\u00eda Sub14, mientras que Thiago Loza y Francisco Buey lo hicieron en la divisional D1.<\/p>\n<p>&nbsp;<\/p>\n<p>Por su parte Jazm\u00edn Dos Santos y M\u00eda Irazabal finalizaron subcampeonas en Cuarta Damas al igual que Valent\u00edn Dietrich y Bautista Zampini que lo hicieron en Quinta Caballeros.<\/p>\n<p>&nbsp;<\/p>\n<p>Por otro lado, Iv\u00e1n Dos Santos y Thian Bonavitta fueron eliminados en semifinales en Sexta Categor\u00eda Sub14.<\/p>\n<p>&nbsp;<\/p>\n<p>Cabe destacar que tambi\u00e9n la Asociaci\u00f3n Civil Olavarriense de P\u00e1del se llev\u00f3 el puesto 1 en la Copa por Equipos representando a la Regi\u00f3n 1 de FAP. Los chicos pertenecen a la academia de menores \u201cEl Triunfo\u201d y fueron acompa\u00f1ados adem\u00e1s por algunos padres que colaboraron con el grupo.<\/p>\n","protected":false},"excerpt":{"rendered":"<p>Durante tres d\u00edas en La Plata se disput\u00f3 el campeonato de Menores que organiz\u00f3 la Federaci\u00f3n Argentina de P\u00e1del. La<\/p>\n","protected":false},"author":96739694,"featured_media":162378,"comment_status":"closed","ping_status":"closed","sticky":false,"template":"","format":"standard","meta":{"_jetpack_memberships_contains_paid_content":false,"footnotes":""},"categories":[1,55],"tags":[],"class_list":["post-136024","post","type-post","status-publish","format-standard","has-post-thumbnail","hentry","category-portada","category-tenis-padel"],"jetpack_featured_media_url":"https:\/\/i0.wp.com\/cdnoticias.com\/wp-content\/uploads\/2024\/08\/IMG-20240820-WA0033-e1724182624793.jpg?fit=1600%2C957&ssl=1","jetpack_sharing_enabled":true,"_links":{"self":[{"href":"https:\/\/cdnoticias.com\/index.php\/wp-json\/wp\/v2\/posts\/136024","targetHints":{"allow":["GET"]}}],"collection":[{"href":"https:\/\/cdnoticias.com\/index.php\/wp-json\/wp\/v2\/posts"}],"about":[{"href":"https:\/\/cdnoticias.com\/index.php\/wp-json\/wp\/v2\/types\/post"}],"author":[{"embeddable":true,"href":"https:\/\/cdnoticias.com\/index.php\/wp-json\/wp\/v2\/users\/96739694"}],"replies":[{"embeddable":true,"href":"https:\/\/cdnoticias.com\/index.php\/wp-json\/wp\/v2\/comments?post=136024"}],"version-history":[{"count":0,"href":"https:\/\/cdnoticias.com\/index.php\/wp-json\/wp\/v2\/posts\/136024\/revisions"}],"wp:featuredmedia":[{"embeddable":true,"href":"https:\/\/cdnoticias.com\/index.php\/wp-json\/wp\/v2\/media\/162378"}],"wp:attachment":[{"href":"https:\/\/cdnoticias.com\/index.php\/wp-json\/wp\/v2\/media?parent=136024"}],"wp:term":[{"taxonomy":"category","embeddable":true,"href":"https:\/\/cdnoticias.com\/index.php\/wp-json\/wp\/v2\/categories?post=136024"},{"taxonomy":"post_tag","embeddable":true,"href":"https:\/\/cdnoticias.com\/index.php\/wp-json\/wp\/v2\/tags?post=136024"}],"curies":[{"name":"wp","href":"https:\/\/api.w.org\/{rel}","templated":true}]}}