{"id":136022,"date":"2024-08-20T14:18:39","date_gmt":"2024-08-20T17:18:39","guid":{"rendered":"https:\/\/centraldeportes.com.ar\/?p=54201"},"modified":"2025-02-13T21:42:37","modified_gmt":"2025-02-14T00:42:37","slug":"sofia-olivetto-ira-al-campeonato-nacional-de-la-fab","status":"publish","type":"post","link":"https:\/\/cdnoticias.com\/index.php\/2024\/08\/20\/sofia-olivetto-ira-al-campeonato-nacional-de-la-fab\/","title":{"rendered":"Sof\u00eda Olivetto ir\u00e1 al Campeonato Nacional de la FAB"},"content":{"rendered":"<p>Sof\u00eda Olivetto complet\u00f3 su participaci\u00f3n en el Regional de la Federaci\u00f3n Argentina de Boxeo e integrar\u00e1 la n\u00f3mina de boxeadoras que se presentar\u00e1 en San Luis en el Campeonato Nacional.<!--more--><\/p>\n<hr \/>\n<p>Durante el venidero mes de septiembre se llevar\u00e1 a cabo Campeonato Nacional de Boxeo organizado por la Federaci\u00f3n Argentina de Boxeo y ser\u00e1 con la presencia de Sof\u00eda Olivetto en la categor\u00eda Cadetes.<\/p>\n<p>&nbsp;<\/p>\n<p>Sobre el ring del gimnasio de Almagro, Sof\u00eda Olivetto enfrent\u00f3 a Luz Caballero representante de Las Canguras Boxing Villa 31 en Hasta 58 kilos y fue derrota en un re\u00f1ido duelo.<\/p>\n<p>&nbsp;<\/p>\n<p>A pesar de no haber logrado el triunfo en las tarjetas, la boxeadora de Oto Box qued\u00f3 seleccionada para competir el 2 de septiembre pr\u00f3ximo en San Luis.<\/p>\n","protected":false},"excerpt":{"rendered":"<p>Sof\u00eda Olivetto complet\u00f3 su participaci\u00f3n en el Regional de la Federaci\u00f3n Argentina de Boxeo e integrar\u00e1 la n\u00f3mina de boxeadoras<\/p>\n","protected":false},"author":96739694,"featured_media":162380,"comment_status":"closed","ping_status":"closed","sticky":false,"template":"","format":"standard","meta":{"_jetpack_memberships_contains_paid_content":false,"footnotes":""},"categories":[30,1],"tags":[],"class_list":["post-136022","post","type-post","status-publish","format-standard","has-post-thumbnail","hentry","category-polideportivo","category-portada"],"jetpack_featured_media_url":"https:\/\/i0.wp.com\/cdnoticias.com\/wp-content\/uploads\/2024\/08\/boxeo-2.jpg?fit=800%2C445&ssl=1","jetpack_sharing_enabled":true,"_links":{"self":[{"href":"https:\/\/cdnoticias.com\/index.php\/wp-json\/wp\/v2\/posts\/136022","targetHints":{"allow":["GET"]}}],"collection":[{"href":"https:\/\/cdnoticias.com\/index.php\/wp-json\/wp\/v2\/posts"}],"about":[{"href":"https:\/\/cdnoticias.com\/index.php\/wp-json\/wp\/v2\/types\/post"}],"author":[{"embeddable":true,"href":"https:\/\/cdnoticias.com\/index.php\/wp-json\/wp\/v2\/users\/96739694"}],"replies":[{"embeddable":true,"href":"https:\/\/cdnoticias.com\/index.php\/wp-json\/wp\/v2\/comments?post=136022"}],"version-history":[{"count":0,"href":"https:\/\/cdnoticias.com\/index.php\/wp-json\/wp\/v2\/posts\/136022\/revisions"}],"wp:featuredmedia":[{"embeddable":true,"href":"https:\/\/cdnoticias.com\/index.php\/wp-json\/wp\/v2\/media\/162380"}],"wp:attachment":[{"href":"https:\/\/cdnoticias.com\/index.php\/wp-json\/wp\/v2\/media?parent=136022"}],"wp:term":[{"taxonomy":"category","embeddable":true,"href":"https:\/\/cdnoticias.com\/index.php\/wp-json\/wp\/v2\/categories?post=136022"},{"taxonomy":"post_tag","embeddable":true,"href":"https:\/\/cdnoticias.com\/index.php\/wp-json\/wp\/v2\/tags?post=136022"}],"curies":[{"name":"wp","href":"https:\/\/api.w.org\/{rel}","templated":true}]}}