{"id":136019,"date":"2024-08-19T00:06:11","date_gmt":"2024-08-19T03:06:11","guid":{"rendered":"https:\/\/centraldeportes.com.ar\/?p=54185"},"modified":"2025-02-13T21:42:40","modified_gmt":"2025-02-14T00:42:40","slug":"divisional-b-lujan-gano-el-play-off-y-jugara-otra-final-con-recalde","status":"publish","type":"post","link":"https:\/\/cdnoticias.com\/index.php\/2024\/08\/19\/divisional-b-lujan-gano-el-play-off-y-jugara-otra-final-con-recalde\/","title":{"rendered":"Divisional B: Luj\u00e1n gan\u00f3 el Play-Off y jugar\u00e1 otra final con Recalde"},"content":{"rendered":"\n<div class=\"wp-block-group is-layout-constrained wp-block-group-is-layout-constrained\">\n<p>A pesar de la derrota 1 \u2013 0 en el duelo revancha, los de Orellana vencieron 6 a 5 al &#8220;Albinegro&#8221; en los penales y se quedaron con la Fase Eliminatoria del Apertura.<!--more--><\/p>\n<hr \/>\n<p>Este domingo por la tarde, el Club <strong>Luj\u00e1n<\/strong> se gan\u00f3 un lugar en la definici\u00f3n del Torneo Apertura de la <strong>Divisional B<\/strong> luego de vencer a <strong>Recalde<\/strong> en la tanda de penales.<\/p>\n<p>\u00a0<\/p>\n<p><strong>Por el duelo revancha, el \u201cAlbinegro\u201d super\u00f3 1 a 0 con gol de Franco Orsetti e igual\u00f3 el global en puntos, pero en los penales, los dirigidos por Pedro Orellana estuvieron m\u00e1s finos y se impusieron 6 a 5 para consagrarse ganadores del Play-Off.<\/strong><\/p>\n<p>\u00a0<\/p>\n<p>De esta forma, Luj\u00e1n forz\u00f3 una nueva final frente a Recalde que ser\u00e1 para conocer al campe\u00f3n del torneo y el primer finalista por el ascenso a la Primera Divisi\u00f3n de la LFO.<\/p>\n<p>\u00a0<\/p>\n<p>Previamente, <strong>en Reserva, Crotto y Recalde empataron 2 a 2, pero en el global el conjunto recaldense sac\u00f3 m\u00e1s puntos y coron\u00f3 la Fase Eliminatoria<\/strong>. Ambos equipos tambi\u00e9n jugar\u00e1n otro partido decisivo para determinar al campe\u00f3n.<\/p>\n<p>\u00a0<\/p>\n<p><em><strong>Foto: Club Luj\u00e1n.<\/strong><\/em><\/p>\n<\/div>\n","protected":false},"excerpt":{"rendered":"<p>A pesar de la derrota 1 \u2013 0 en el duelo revancha, los de Orellana vencieron 6 a 5 al<\/p>\n","protected":false},"author":96739694,"featured_media":162388,"comment_status":"closed","ping_status":"closed","sticky":false,"template":"","format":"standard","meta":{"_jetpack_memberships_contains_paid_content":false,"footnotes":""},"categories":[35,1,41],"tags":[],"class_list":["post-136019","post","type-post","status-publish","format-standard","has-post-thumbnail","hentry","category-futbol","category-portada","category-primera-y-reserva"],"jetpack_featured_media_url":"https:\/\/i0.wp.com\/cdnoticias.com\/wp-content\/uploads\/2024\/08\/Divisional-B-Lujan-ganador-del-Play-Off-del-Apertura-e1724036746404.jpeg?fit=1000%2C635&ssl=1","jetpack_sharing_enabled":true,"_links":{"self":[{"href":"https:\/\/cdnoticias.com\/index.php\/wp-json\/wp\/v2\/posts\/136019","targetHints":{"allow":["GET"]}}],"collection":[{"href":"https:\/\/cdnoticias.com\/index.php\/wp-json\/wp\/v2\/posts"}],"about":[{"href":"https:\/\/cdnoticias.com\/index.php\/wp-json\/wp\/v2\/types\/post"}],"author":[{"embeddable":true,"href":"https:\/\/cdnoticias.com\/index.php\/wp-json\/wp\/v2\/users\/96739694"}],"replies":[{"embeddable":true,"href":"https:\/\/cdnoticias.com\/index.php\/wp-json\/wp\/v2\/comments?post=136019"}],"version-history":[{"count":0,"href":"https:\/\/cdnoticias.com\/index.php\/wp-json\/wp\/v2\/posts\/136019\/revisions"}],"wp:featuredmedia":[{"embeddable":true,"href":"https:\/\/cdnoticias.com\/index.php\/wp-json\/wp\/v2\/media\/162388"}],"wp:attachment":[{"href":"https:\/\/cdnoticias.com\/index.php\/wp-json\/wp\/v2\/media?parent=136019"}],"wp:term":[{"taxonomy":"category","embeddable":true,"href":"https:\/\/cdnoticias.com\/index.php\/wp-json\/wp\/v2\/categories?post=136019"},{"taxonomy":"post_tag","embeddable":true,"href":"https:\/\/cdnoticias.com\/index.php\/wp-json\/wp\/v2\/tags?post=136019"}],"curies":[{"name":"wp","href":"https:\/\/api.w.org\/{rel}","templated":true}]}}