{"id":136018,"date":"2024-08-18T23:26:58","date_gmt":"2024-08-19T02:26:58","guid":{"rendered":"https:\/\/centraldeportes.com.ar\/?p=54183"},"modified":"2025-02-13T21:42:41","modified_gmt":"2025-02-14T00:42:41","slug":"mauri-pane-otra-vez-figura-para-que-el-rojinegro-siga-de-racha","status":"publish","type":"post","link":"https:\/\/cdnoticias.com\/index.php\/2024\/08\/18\/mauri-pane-otra-vez-figura-para-que-el-rojinegro-siga-de-racha\/","title":{"rendered":"\u201cMauri\u201d Pane otra vez figura para que el \u201cRojinegro\u201d siga de racha"},"content":{"rendered":"<p>El \u201cRojinegro\u201d gan\u00f3 ajustadamente en Rosario del Tala y contin\u00faa l\u00edder e invicto del Torneo Provincial de Entre R\u00edos. Un doble de Mauricio Pane fue determinante.<!--more--><\/p>\n<hr \/>\n<p>En Rosario del Tala, Central Entrerriano ratific\u00f3 su gran presente y venci\u00f3 por 77-76 a Atl\u00e9tico Rala, para seguir como l\u00edder e invicto de la zona 4 del Pre-Federal.<\/p>\n<p>&nbsp;<\/p>\n<p>En un partido cambiante y sumamente parejo, Central estuvo m\u00e1s l\u00facido y se qued\u00f3 con la victoria con un doble de Mauricio Pane.<\/p>\n<p>&nbsp;<\/p>\n<p>El olavarriense complet\u00f3 37:02 minutos en la cancha con 18 puntos, 6 rebotes, 1 asistencia, 1 recupero y 1 tapa.<\/p>\n","protected":false},"excerpt":{"rendered":"<p>El \u201cRojinegro\u201d gan\u00f3 ajustadamente en Rosario del Tala y contin\u00faa l\u00edder e invicto del Torneo Provincial de Entre R\u00edos. Un<\/p>\n","protected":false},"author":96739694,"featured_media":160486,"comment_status":"closed","ping_status":"closed","sticky":false,"template":"","format":"standard","meta":{"_jetpack_memberships_contains_paid_content":false,"footnotes":""},"categories":[31,1,60],"tags":[],"class_list":["post-136018","post","type-post","status-publish","format-standard","has-post-thumbnail","hentry","category-basquet","category-portada","category-torneo-pre-federal"],"jetpack_featured_media_url":"https:\/\/i0.wp.com\/cdnoticias.com\/wp-content\/uploads\/2024\/04\/pane.jpg?fit=800%2C445&ssl=1","jetpack_sharing_enabled":true,"_links":{"self":[{"href":"https:\/\/cdnoticias.com\/index.php\/wp-json\/wp\/v2\/posts\/136018","targetHints":{"allow":["GET"]}}],"collection":[{"href":"https:\/\/cdnoticias.com\/index.php\/wp-json\/wp\/v2\/posts"}],"about":[{"href":"https:\/\/cdnoticias.com\/index.php\/wp-json\/wp\/v2\/types\/post"}],"author":[{"embeddable":true,"href":"https:\/\/cdnoticias.com\/index.php\/wp-json\/wp\/v2\/users\/96739694"}],"replies":[{"embeddable":true,"href":"https:\/\/cdnoticias.com\/index.php\/wp-json\/wp\/v2\/comments?post=136018"}],"version-history":[{"count":0,"href":"https:\/\/cdnoticias.com\/index.php\/wp-json\/wp\/v2\/posts\/136018\/revisions"}],"wp:featuredmedia":[{"embeddable":true,"href":"https:\/\/cdnoticias.com\/index.php\/wp-json\/wp\/v2\/media\/160486"}],"wp:attachment":[{"href":"https:\/\/cdnoticias.com\/index.php\/wp-json\/wp\/v2\/media?parent=136018"}],"wp:term":[{"taxonomy":"category","embeddable":true,"href":"https:\/\/cdnoticias.com\/index.php\/wp-json\/wp\/v2\/categories?post=136018"},{"taxonomy":"post_tag","embeddable":true,"href":"https:\/\/cdnoticias.com\/index.php\/wp-json\/wp\/v2\/tags?post=136018"}],"curies":[{"name":"wp","href":"https:\/\/api.w.org\/{rel}","templated":true}]}}