{"id":136015,"date":"2024-08-18T22:29:36","date_gmt":"2024-08-19T01:29:36","guid":{"rendered":"https:\/\/centraldeportes.com.ar\/?p=54159"},"modified":"2025-02-13T21:42:45","modified_gmt":"2025-02-14T00:42:45","slug":"estudiantes-piso-fuerte-en-el-sintetico-y-vencio-a-embajadores-en-el-debut","status":"publish","type":"post","link":"https:\/\/cdnoticias.com\/index.php\/2024\/08\/18\/estudiantes-piso-fuerte-en-el-sintetico-y-vencio-a-embajadores-en-el-debut\/","title":{"rendered":"Estudiantes pis\u00f3 fuerte en el sint\u00e9tico y venci\u00f3 a Embajadores en el debut"},"content":{"rendered":"<p>El \u201cBata\u201d hizo valer lo realizado en el segundo tiempo y derrot\u00f3 a domicilio 1 a 0 a Embajadores en la fecha estreno del Torneo Oficial \u201cFatiga\u201d Russo.<!--more--><\/p>\n<hr \/>\n<p>En el arranque de la competencia oficial de <strong>Primera Divisi\u00f3n<\/strong> organizada por la <strong>Liga de F\u00fatbol de Olavarr\u00eda<\/strong>, <strong>Estudiantes derrot\u00f3 este domingo a Embajadores en el \u201cTete\u201d Di Carlo<\/strong> y se qued\u00f3 con tres puntos importantes en el estreno de ambos equipos por la Zona A.<\/p>\n<p>&nbsp;<\/p>\n<p><strong>Franco Peralta, en la etapa complementaria, anot\u00f3 el \u00fanico tanto del partido para la victoria 1 a 0 del \u201cBataraz\u201d<\/strong>, que sufri\u00f3 los embates del local en el primer tiempo y supo sacarle provecho a la mejor\u00eda en la segunda parte. Ambos terminaron con diez: <strong>fueron expulsados sobre el final Enzo Leguizam\u00f3n y \u201cLuli\u201d Rojas en Estudiantes y Embajadores, respectivamente<\/strong>.<\/p>\n<p>&nbsp;<\/p>\n<ul>\n<li>\n<h6><strong>El partido<\/strong><\/h6>\n<\/li>\n<\/ul>\n<p>&nbsp;<\/p>\n<p>Un tiempo por lado resumen en gran parte lo que se vivi\u00f3 durante la tarde en el reducto de la avenida Avellaneda. Embajadores, el gran protagonista de los primeros cuarenta y cinco minutos, manej\u00f3 la pelota y busc\u00f3 asociaciones en todo momento, pero careci\u00f3 de punter\u00eda en dos de las situaciones m\u00e1s claras que gener\u00f3 para ponerse en ventaja.<\/p>\n<p>&nbsp;<\/p>\n<p>Por momentos se not\u00f3 la falta de ritmo futbol\u00edstico, pero los primeros minutos fueron de tr\u00e1mite parejo. Para colmo, <strong>a los 16\u2019, Estudiantes perdi\u00f3 a Gervasio Pelaytay, quien debi\u00f3 salir por una severa lesi\u00f3n en su rodilla derecha y posteriormente trasladado en ambulancia al nosocomio local<\/strong>.<\/p>\n<p>&nbsp;<\/p>\n<p>La buena labor en el mediocampo y la solidaridad de Da Rosa y Rojas, que bajaron a jugar en todo momento, fue mejorando poco a poco al CEO que busc\u00f3 enseguida el gol. Iban 31\u2019 cuando Masson sali\u00f3 muy lejos a buscar el bal\u00f3n y le qued\u00f3 a \u201cLuli\u201d Rojas que busc\u00f3 enseguida el arco, pero lleg\u00f3 justito a interceptar Alonso (casi sobre la l\u00ednea) con un rechazo de cabeza.<\/p>\n<p>&nbsp;<\/p>\n<p><img data-recalc-dims=\"1\" loading=\"lazy\" decoding=\"async\" class=\"aligncenter size-full wp-image-54163\" src=\"https:\/\/i0.wp.com\/cdnoticias.com\/wp-content\/uploads\/2024\/08\/TOFR-Embajadores-vs-Estudiantes-Fecha-1-e1724030941212.png?resize=765%2C466&#038;ssl=1\" alt=\"\" width=\"765\" height=\"466\" \/><\/p>\n<p>&nbsp;<\/p>\n<p><strong>Cuatro minutos m\u00e1s tarde, en la mejor jugada del primer tiempo, Di Bello \u2013 asistido por Da Rosa \u2013 pas\u00f3 al ataque por la banda derecha, sac\u00f3 el centro raso y Rojas, con Masson ya vencido, estrell\u00f3 la pelota en el travesa\u00f1o.<\/strong><\/p>\n<p>&nbsp;<\/p>\n<p>El segundo tiempo arranc\u00f3 entrecortado. Sin embargo, Estudiantes, que fue de menor a mayor con el regreso a las canchas de Bruno Peralta, pudo jugar m\u00e1s con la tenencia en su poder. Aun as\u00ed, no pas\u00f3 nada hasta pasados los 55\u2019, salvo un cierre providencial de Rubio ante la corrida en soledad de Crivelli que se iba derecho al gol.<\/p>\n<p>&nbsp;<\/p>\n<p>La monoton\u00eda del partido se cort\u00f3 a los 69\u2019, con el primer y \u00fanico grito de la tarde. <strong>Desde un saque de banda por la derecha, Bruno Peralta \u2013 en soledad \u2013 busc\u00f3 enseguida el arco, Giles ataj\u00f3, pero dej\u00f3 el rebote y apareci\u00f3 por el medio Franco Peralta, quien la empuj\u00f3 a la red y puso el 0 \u2013 1 para el \u201cBataraz\u201d.<\/strong><\/p>\n<p>&nbsp;<\/p>\n<p>Con la desventaja encima, Embajadores, que no fue el mismo del primer tiempo, enseguida busc\u00f3 la paridad y oblig\u00f3 al \u201cAlbinegro\u201d a replegarse en su terreno. Pese a ello, los de Peralta no sufrieron demasiado en defensa salvo un peligroso cabezazo de Sacher sobre el final que logr\u00f3 contener Masson.<\/p>\n<p>&nbsp;<\/p>\n<p>De tal forma, Estudiantes se qued\u00f3 con tres puntos importantes en una cancha dif\u00edcil y un rival que siempre es protagonista. Pudo haber sido un justo empate si Embajadores hubiese concretado las ocasiones que gener\u00f3 en la primera mitad.<\/p>\n<p>&nbsp;<\/p>\n<p><strong>S\u00edntesis Embajadores \u2013 Estudiantes: \u00a0<\/strong><\/p>\n<p><strong>Embajadores (0):<\/strong> Juan Cruz Giles; Bruno Di Bello, Federico Sacher, Franco Carlucci, Nahuel Moro; Alexander Rubio (M. Wilt), Franco G\u00f3mez (J. \u00c1lvarez), Emilio Scipioni, Esteban G\u00f3mez; Mat\u00edas Da Rosa (S. Sacchi) y Luciano Rojas. DT: Marcos Valderrey.<\/p>\n<p><strong>Estudiantes (1): <\/strong>Juli\u00e1n Masson; Ramiro Alonso, Leandro Castar\u00e9s, Carlos Ruschetti, Gast\u00f3n Alberca (B. Luna); Ger\u00f3nimo Candia, Tom\u00e1s Otazo (B. Peralta), Federico Di Lorenzo, Lautaro Crivelli; Franco Peralta (K. Gentil) y Gervasio Pelaytay (E. Leguizam\u00f3n). DT: Mauricio Peralta.<\/p>\n<p><strong>Goles<\/strong>: 24min ST Franco Peralta (CAE).<\/p>\n<p><strong>Amonestados<\/strong>: Moro, \u00c1lvarez, Rojas y Di Bello (Embajadores); Alberca, F. Peralta, Luna, Leguizam\u00f3n y Gentil (Estudiantes).<\/p>\n<p><strong>Expulsados<\/strong>: 26min ST Bruno Di Carlo \u2013 PF \u2013 (CEO); 45min (+1) ST Enzo Leguizam\u00f3n (CAE) y Luciano Rojas (CEO).<\/p>\n<p><strong>\u00c1rbitro<\/strong>: Nicol\u00e1s Moreno. <strong>Estadio<\/strong>: Clemente \u201cTete\u201d Di Carlo.<\/p>\n<p><strong>Reserva:<\/strong> Embajadores<strong> 2 \u2013 0<\/strong> Estudiantes.<\/p>\n","protected":false},"excerpt":{"rendered":"<p>El \u201cBata\u201d hizo valer lo realizado en el segundo tiempo y derrot\u00f3 a domicilio 1 a 0 a Embajadores en<\/p>\n","protected":false},"author":96739694,"featured_media":162402,"comment_status":"closed","ping_status":"closed","sticky":false,"template":"","format":"standard","meta":{"_jetpack_memberships_contains_paid_content":false,"footnotes":""},"categories":[35,1,41],"tags":[],"class_list":["post-136015","post","type-post","status-publish","format-standard","has-post-thumbnail","hentry","category-futbol","category-portada","category-primera-y-reserva"],"jetpack_featured_media_url":"https:\/\/i0.wp.com\/cdnoticias.com\/wp-content\/uploads\/2024\/08\/TOFR-Embajadores-vs-Estudiantes-Fecha-1a-e1724030854715.png?fit=780%2C475&ssl=1","jetpack_sharing_enabled":true,"_links":{"self":[{"href":"https:\/\/cdnoticias.com\/index.php\/wp-json\/wp\/v2\/posts\/136015","targetHints":{"allow":["GET"]}}],"collection":[{"href":"https:\/\/cdnoticias.com\/index.php\/wp-json\/wp\/v2\/posts"}],"about":[{"href":"https:\/\/cdnoticias.com\/index.php\/wp-json\/wp\/v2\/types\/post"}],"author":[{"embeddable":true,"href":"https:\/\/cdnoticias.com\/index.php\/wp-json\/wp\/v2\/users\/96739694"}],"replies":[{"embeddable":true,"href":"https:\/\/cdnoticias.com\/index.php\/wp-json\/wp\/v2\/comments?post=136015"}],"version-history":[{"count":0,"href":"https:\/\/cdnoticias.com\/index.php\/wp-json\/wp\/v2\/posts\/136015\/revisions"}],"wp:featuredmedia":[{"embeddable":true,"href":"https:\/\/cdnoticias.com\/index.php\/wp-json\/wp\/v2\/media\/162402"}],"wp:attachment":[{"href":"https:\/\/cdnoticias.com\/index.php\/wp-json\/wp\/v2\/media?parent=136015"}],"wp:term":[{"taxonomy":"category","embeddable":true,"href":"https:\/\/cdnoticias.com\/index.php\/wp-json\/wp\/v2\/categories?post=136015"},{"taxonomy":"post_tag","embeddable":true,"href":"https:\/\/cdnoticias.com\/index.php\/wp-json\/wp\/v2\/tags?post=136015"}],"curies":[{"name":"wp","href":"https:\/\/api.w.org\/{rel}","templated":true}]}}