{"id":136010,"date":"2024-08-17T21:20:12","date_gmt":"2024-08-18T00:20:12","guid":{"rendered":"https:\/\/centraldeportes.com.ar\/?p=54127"},"modified":"2025-02-13T21:40:47","modified_gmt":"2025-02-14T00:40:47","slug":"juani-barbieri-corto-la-sequia-y-le-dio-el-triunfo-al-deportivo-armenio","status":"publish","type":"post","link":"https:\/\/cdnoticias.com\/index.php\/2024\/08\/17\/juani-barbieri-corto-la-sequia-y-le-dio-el-triunfo-al-deportivo-armenio\/","title":{"rendered":"\u201cJuani\u201d Barbieri cort\u00f3 la sequ\u00eda y le dio el triunfo al Deportivo Armenio"},"content":{"rendered":"<p>Con gol del atacante olavarriense, el \u201cTricolor\u201d derrot\u00f3 por la m\u00ednima diferencia a Comunicaciones en Maschwitz y se acerc\u00f3 a los puestos de vanguardia.<!--more--><\/p>\n<hr \/>\n<p><strong>Deportivo Armenio<\/strong>, con vital aporte de <strong>Juan Ignacio Barbieri<\/strong>, volvi\u00f3 a la senda de la victoria en el Clausura de la <strong>Primera B Metropolitana<\/strong> tras tres empates seguidos.<\/p>\n<p>&nbsp;<\/p>\n<p>Este s\u00e1bado por la tarde, en el marco de la<strong> 10\u00b0 fecha<\/strong> del certamen, <strong>el conjunto de Ingeniero Maschwitz se impuso 1 a 0 ante Comunicaciones<\/strong> y trep\u00f3 a los primeros puestos de la tabla liderada por Colegiales.<\/p>\n<p>&nbsp;<\/p>\n<p><strong>De la partida fue el delantero olavarriense en el once que dispuso Cristian Tula y, a los 29\u2019 de la primera mitad, conect\u00f3 un excelente zurdazo \u2013 asistido por Scarnato \u2013 para el \u00fanico grito de la tarde.<\/strong><\/p>\n<p>&nbsp;<\/p>\n<blockquote class=\"twitter-tweet\" data-width=\"550\" data-dnt=\"true\">\n<p lang=\"es\" dir=\"ltr\">VICTORIA ARMENIA \ud83c\udde6\ud83c\uddf2\u26bd\ufe0f <\/p>\n<p>&#8211; Siempre As\u00ed Todos Juntos \ud83d\udcaa<\/p>\n<p>\ud83d\udcf8 <a href=\"https:\/\/twitter.com\/princesaastrid?ref_src=twsrc%5Etfw\">@princesaastrid<\/a> <a href=\"https:\/\/t.co\/EtJr1X4A5G\">pic.twitter.com\/EtJr1X4A5G<\/a><\/p>\n<p>&mdash; Deportivo Armenio (@DepArmenio) <a href=\"https:\/\/twitter.com\/DepArmenio\/status\/1824904125336699189?ref_src=twsrc%5Etfw\">August 17, 2024<\/a><\/p><\/blockquote>\n<p><script async src=\"https:\/\/platform.twitter.com\/widgets.js\" charset=\"utf-8\"><\/script><\/p>\n<p>&nbsp;<\/p>\n<p>Con este tanto, <strong>Barbieri cort\u00f3 la sequ\u00eda que manten\u00eda desde la tercera jornada, lleg\u00f3 a los 13 goles en la temporada y se posicion\u00f3 en el segundo lugar de la tabla de goleadores de la categor\u00eda<\/strong>. Lidera Leonel Barrios, de Excursionistas, con 15 conversiones.<\/p>\n<p>&nbsp;<\/p>\n<p>El \u201cTricolor\u201d de gran campa\u00f1a en lo que va del a\u00f1o siendo segundo en la tabla general (por ahora clasificado al Reducido), enfrentar\u00e1 en la pr\u00f3xima fecha a <strong>Liniers<\/strong> en condici\u00f3n de visitante.<\/p>\n<p>&nbsp;<\/p>\n<p><em><strong>Foto: Astrid G\u00f3mez Nardo \/\/ Deportivo Armenio.<\/strong><\/em><\/p>\n","protected":false},"excerpt":{"rendered":"<p>Con gol del atacante olavarriense, el \u201cTricolor\u201d derrot\u00f3 por la m\u00ednima diferencia a Comunicaciones en Maschwitz y se acerc\u00f3 a<\/p>\n","protected":false},"author":96739694,"featured_media":162306,"comment_status":"closed","ping_status":"closed","sticky":false,"template":"","format":"standard","meta":{"_jetpack_memberships_contains_paid_content":false,"footnotes":""},"categories":[37,1],"tags":[],"class_list":["post-136010","post","type-post","status-publish","format-standard","has-post-thumbnail","hentry","category-futbol-profesional","category-portada"],"jetpack_featured_media_url":"https:\/\/i0.wp.com\/cdnoticias.com\/wp-content\/uploads\/2024\/08\/Barbieri-Armenio-Fecha-10-Clausura-2024-e1723940336525.jpg?fit=1000%2C656&ssl=1","jetpack_sharing_enabled":true,"_links":{"self":[{"href":"https:\/\/cdnoticias.com\/index.php\/wp-json\/wp\/v2\/posts\/136010","targetHints":{"allow":["GET"]}}],"collection":[{"href":"https:\/\/cdnoticias.com\/index.php\/wp-json\/wp\/v2\/posts"}],"about":[{"href":"https:\/\/cdnoticias.com\/index.php\/wp-json\/wp\/v2\/types\/post"}],"author":[{"embeddable":true,"href":"https:\/\/cdnoticias.com\/index.php\/wp-json\/wp\/v2\/users\/96739694"}],"replies":[{"embeddable":true,"href":"https:\/\/cdnoticias.com\/index.php\/wp-json\/wp\/v2\/comments?post=136010"}],"version-history":[{"count":0,"href":"https:\/\/cdnoticias.com\/index.php\/wp-json\/wp\/v2\/posts\/136010\/revisions"}],"wp:featuredmedia":[{"embeddable":true,"href":"https:\/\/cdnoticias.com\/index.php\/wp-json\/wp\/v2\/media\/162306"}],"wp:attachment":[{"href":"https:\/\/cdnoticias.com\/index.php\/wp-json\/wp\/v2\/media?parent=136010"}],"wp:term":[{"taxonomy":"category","embeddable":true,"href":"https:\/\/cdnoticias.com\/index.php\/wp-json\/wp\/v2\/categories?post=136010"},{"taxonomy":"post_tag","embeddable":true,"href":"https:\/\/cdnoticias.com\/index.php\/wp-json\/wp\/v2\/tags?post=136010"}],"curies":[{"name":"wp","href":"https:\/\/api.w.org\/{rel}","templated":true}]}}