{"id":136003,"date":"2024-08-16T22:34:49","date_gmt":"2024-08-17T01:34:49","guid":{"rendered":"https:\/\/centraldeportes.com.ar\/?p=54089"},"modified":"2025-02-13T21:40:58","modified_gmt":"2025-02-14T00:40:58","slug":"espigas-presento-oficialmente-el-plantel-femenino-de-primera-division","status":"publish","type":"post","link":"https:\/\/cdnoticias.com\/index.php\/2024\/08\/16\/espigas-presento-oficialmente-el-plantel-femenino-de-primera-division\/","title":{"rendered":"Espigas present\u00f3 oficialmente el plantel femenino de Primera Divisi\u00f3n"},"content":{"rendered":"<p>Mediante conferencia de prensa, el \u201cVerdirrojo\u201d anunci\u00f3 su participaci\u00f3n en los torneos liguistas que organiza la LFO. Este domingo, debutar\u00e1 ante Mu\u00f1oz por la 1\u00b0 fecha del Torneo Clausura.<!--more--><\/p>\n<hr \/>\n<p>En la previa del hist\u00f3rico estreno en torneos gestionados por la Liga de F\u00fatbol, <strong>el Club Social y Deportivo Espigas present\u00f3 este viernes por la tarde, de manera oficial, el plantel de f\u00fatbol femenino<\/strong> que representar\u00e1 a la instituci\u00f3n en el venidero<strong> Torneo Clausura<\/strong>.<\/p>\n<p>&nbsp;<\/p>\n<p>La conferencia de prensa se llev\u00f3 adelante en las instalaciones de la Sociedad de Fomento Amoroso. Encabezaron <strong>Ernesto Gim\u00e9nez<\/strong>, presidente del \u201cVerdirrojo\u201d; <strong>Pablo De los Santos<\/strong>, coordinador de los planteles mayores masculino y femenino; <strong>Eduardo Leonardo<\/strong>, DT del equipo y jugadoras del plantel.<\/p>\n<p>&nbsp;<\/p>\n<p>\u201c<strong><em>Afrontamos el desaf\u00edo del equipo femenino. Esperemos, de a poquito, ir cumpliendo con lo que pretende la Liga que es Femenino, Inferiores y cancha<\/em><\/strong>\u201d, manifest\u00f3 Gim\u00e9nez en una de sus primeras frases durante la reuni\u00f3n.<\/p>\n<p>&nbsp;<\/p>\n<p>[soliloquy id=&#8221;54085&#8243;]<\/p>\n<p>&nbsp;<\/p>\n<p><strong>La base de jugadoras que integran el equipo provienen, en su mayor\u00eda, de Municipales B. Debido al COMET, tal conjunto no pod\u00eda seguir representando a la entidad que lo hac\u00eda, por lo que desde hace un mes atr\u00e1s comenzaron con el armado y los entrenamientos para formar parte de Espigas.<\/strong><\/p>\n<p>&nbsp;<\/p>\n<p>Estar\u00e1n dirigidas t\u00e9cnicamente por Eduardo Leonardo: \u201c<strong><em>Agradecido al club por abrirme las puertas, tanto a mi como al grupo. Esperemos estar a la altura de las circunstancias<\/em><\/strong>\u201d, declar\u00f3 \u201cVizcacha\u201d.<\/p>\n<p>&nbsp;<\/p>\n<p>Este venidero domingo ser\u00e1 el gran debut. <strong>El elenco espiguense enfrentar\u00e1, desde las 11:00, a Mu\u00f1oz en el Estadio Pedro Iriart Legorburu de Sierra Chica<\/strong>. Ser\u00e1 por la 1\u00b0 fecha del Torneo Clausura de Primera Divisi\u00f3n.<\/p>\n","protected":false},"excerpt":{"rendered":"<p>Mediante conferencia de prensa, el \u201cVerdirrojo\u201d anunci\u00f3 su participaci\u00f3n en los torneos liguistas que organiza la LFO. Este domingo, debutar\u00e1<\/p>\n","protected":false},"author":96739694,"featured_media":162321,"comment_status":"closed","ping_status":"closed","sticky":false,"template":"","format":"standard","meta":{"_jetpack_memberships_contains_paid_content":false,"footnotes":""},"categories":[47,35,1],"tags":[],"class_list":["post-136003","post","type-post","status-publish","format-standard","has-post-thumbnail","hentry","category-femenino","category-futbol","category-portada"],"jetpack_featured_media_url":"https:\/\/i0.wp.com\/cdnoticias.com\/wp-content\/uploads\/2024\/08\/espigas-lfo-fem-2.jpg?fit=1280%2C853&ssl=1","jetpack_sharing_enabled":true,"_links":{"self":[{"href":"https:\/\/cdnoticias.com\/index.php\/wp-json\/wp\/v2\/posts\/136003","targetHints":{"allow":["GET"]}}],"collection":[{"href":"https:\/\/cdnoticias.com\/index.php\/wp-json\/wp\/v2\/posts"}],"about":[{"href":"https:\/\/cdnoticias.com\/index.php\/wp-json\/wp\/v2\/types\/post"}],"author":[{"embeddable":true,"href":"https:\/\/cdnoticias.com\/index.php\/wp-json\/wp\/v2\/users\/96739694"}],"replies":[{"embeddable":true,"href":"https:\/\/cdnoticias.com\/index.php\/wp-json\/wp\/v2\/comments?post=136003"}],"version-history":[{"count":0,"href":"https:\/\/cdnoticias.com\/index.php\/wp-json\/wp\/v2\/posts\/136003\/revisions"}],"wp:featuredmedia":[{"embeddable":true,"href":"https:\/\/cdnoticias.com\/index.php\/wp-json\/wp\/v2\/media\/162321"}],"wp:attachment":[{"href":"https:\/\/cdnoticias.com\/index.php\/wp-json\/wp\/v2\/media?parent=136003"}],"wp:term":[{"taxonomy":"category","embeddable":true,"href":"https:\/\/cdnoticias.com\/index.php\/wp-json\/wp\/v2\/categories?post=136003"},{"taxonomy":"post_tag","embeddable":true,"href":"https:\/\/cdnoticias.com\/index.php\/wp-json\/wp\/v2\/tags?post=136003"}],"curies":[{"name":"wp","href":"https:\/\/api.w.org\/{rel}","templated":true}]}}