{"id":135988,"date":"2024-08-13T16:05:29","date_gmt":"2024-08-13T19:05:29","guid":{"rendered":"https:\/\/centraldeportes.com.ar\/?p=54006"},"modified":"2025-02-13T21:38:06","modified_gmt":"2025-02-14T00:38:06","slug":"el-selectivo-de-apa-tuvo-su-master-y-conte-sera-parte-del-equipo-nacional","status":"publish","type":"post","link":"https:\/\/cdnoticias.com\/index.php\/2024\/08\/13\/el-selectivo-de-apa-tuvo-su-master-y-conte-sera-parte-del-equipo-nacional\/","title":{"rendered":"El Selectivo de APA tuvo su M\u00e1ster y Conte ser\u00e1 parte del equipo nacional"},"content":{"rendered":"<p>D\u00edas atr\u00e1s se llev\u00f3 a cabo el M\u00e1ster del Selectivo de Menores de la Asociaci\u00f3n de P\u00e1del Argentina y fue con la presentaci\u00f3n de representantes de la Asociaci\u00f3n Civil Olavarriense de P\u00e1del en Tortuguitas. Mateo Conte fue confirmado como integrante de la Selecci\u00f3n Argentina.<!--more--><\/p>\n<hr \/>\n<p>La Selecci\u00f3n Argentina disputar\u00e1 el Panamericano de Menores 2024 del 17 al 21 de septiembre en la ciudad de Aguascalientes, M\u00e9xico, donde buscar\u00e1 defender el t\u00edtulo obtenido tanto en la rama femenina como en la masculina en 2022 en Brasil.<\/p>\n<p>&nbsp;<\/p>\n<p>En ese sentido, el cuerpo t\u00e9cnico de la Selecci\u00f3n de Menores, conformado por Virginia Mazzuchi, Cecilia Reiter, Javier Blanco y Federico De Pascual defini\u00f3 las listas de las tres categor\u00edas (Sub14, Sub16 y Sub18) femeninas y masculinas que competir\u00e1n en el certamen y se encuentro Mateo Conte que hab\u00eda llegado al M\u00e1ster Final como el mejor deportista de la categor\u00eda Sub18, pero que en la definici\u00f3n -junto con Funes Ontivero- se hab\u00edan despedido en la instancia de Semifinales ante la dupla integrada por N\u00fa\u00f1ez-Nicocia por 6\/3 y 6\/2.<\/p>\n<p>&nbsp;<\/p>\n<p>Adem\u00e1s, Iv\u00e1n Dos Santos particip\u00f3 en Sub12 junto a Francisco Raggio y quedaron eliminados en la Fase de Grupos.<\/p>\n<p>&nbsp;<\/p>\n<p>Por \u00faltimo, en Sub14 Damas, Mia Iraz\u00e1bal y Jazm\u00edn Dos Santos cayeron en Semifinales ante el equipo Benites-Vilchez, las campeonas del torneo, por 6\/3 y 6\/3.<\/p>\n","protected":false},"excerpt":{"rendered":"<p>D\u00edas atr\u00e1s se llev\u00f3 a cabo el M\u00e1ster del Selectivo de Menores de la Asociaci\u00f3n de P\u00e1del Argentina y fue<\/p>\n","protected":false},"author":96739694,"featured_media":162235,"comment_status":"closed","ping_status":"closed","sticky":false,"template":"","format":"standard","meta":{"_jetpack_memberships_contains_paid_content":false,"footnotes":""},"categories":[1,55],"tags":[],"class_list":["post-135988","post","type-post","status-publish","format-standard","has-post-thumbnail","hentry","category-portada","category-tenis-padel"],"jetpack_featured_media_url":"https:\/\/i0.wp.com\/cdnoticias.com\/wp-content\/uploads\/2024\/08\/IMG-20240809-WA0022-e1723575913931.jpg?fit=1600%2C898&ssl=1","jetpack_sharing_enabled":true,"_links":{"self":[{"href":"https:\/\/cdnoticias.com\/index.php\/wp-json\/wp\/v2\/posts\/135988","targetHints":{"allow":["GET"]}}],"collection":[{"href":"https:\/\/cdnoticias.com\/index.php\/wp-json\/wp\/v2\/posts"}],"about":[{"href":"https:\/\/cdnoticias.com\/index.php\/wp-json\/wp\/v2\/types\/post"}],"author":[{"embeddable":true,"href":"https:\/\/cdnoticias.com\/index.php\/wp-json\/wp\/v2\/users\/96739694"}],"replies":[{"embeddable":true,"href":"https:\/\/cdnoticias.com\/index.php\/wp-json\/wp\/v2\/comments?post=135988"}],"version-history":[{"count":0,"href":"https:\/\/cdnoticias.com\/index.php\/wp-json\/wp\/v2\/posts\/135988\/revisions"}],"wp:featuredmedia":[{"embeddable":true,"href":"https:\/\/cdnoticias.com\/index.php\/wp-json\/wp\/v2\/media\/162235"}],"wp:attachment":[{"href":"https:\/\/cdnoticias.com\/index.php\/wp-json\/wp\/v2\/media?parent=135988"}],"wp:term":[{"taxonomy":"category","embeddable":true,"href":"https:\/\/cdnoticias.com\/index.php\/wp-json\/wp\/v2\/categories?post=135988"},{"taxonomy":"post_tag","embeddable":true,"href":"https:\/\/cdnoticias.com\/index.php\/wp-json\/wp\/v2\/tags?post=135988"}],"curies":[{"name":"wp","href":"https:\/\/api.w.org\/{rel}","templated":true}]}}