{"id":135985,"date":"2024-08-12T21:55:35","date_gmt":"2024-08-13T00:55:35","guid":{"rendered":"https:\/\/centraldeportes.com.ar\/?p=53994"},"modified":"2025-02-13T21:38:10","modified_gmt":"2025-02-14T00:38:10","slug":"pezzucchi-rompio-el-motor-y-quedo-fuera-de-los-12-del-playoff","status":"publish","type":"post","link":"https:\/\/cdnoticias.com\/index.php\/2024\/08\/12\/pezzucchi-rompio-el-motor-y-quedo-fuera-de-los-12-del-playoff\/","title":{"rendered":"Pezzucchi rompi\u00f3 el motor y qued\u00f3 fuera de los 12 del playoff"},"content":{"rendered":"<p>El olavarriense estuvo presente en La Plata, escenario de la \u00faltima fecha de la fase regular de las TC Pick UP. La rotura de la planta impulsora de la Nissan lo priv\u00f3 de estar presente el d\u00eda domingo. Valent\u00edn Aguirre se qued\u00f3 con la victoria y Juan Pablo Gianini gan\u00f3 la etapa regular.<!--more--><\/p>\n<hr \/>\n<p>Jornada complicada para Nicol\u00e1s Pezzucchi en la d\u00e9cima presentaci\u00f3n de las camionetas de la ACTC. El s\u00e1bado tras los entrenamientos sufri\u00f3 la rotura del motor y no pudo clasificar, tampoco correr el domingo la serie y mucho menos la final.<\/p>\n<p>&nbsp;<\/p>\n<p>\u201c<em>Muy triste por lo de ayer. La rotura del motor nos quit\u00f3 la posibilidad de largar y entras en la copa. S\u00f3lo queda seguir trabajando para intentar repararlo y volver lo antes posible<\/em>\u201d, escribi\u00f3 Nico en sus redes sociales.<\/p>\n<p>&nbsp;<\/p>\n<p>El triunfo en la final fue para Valent\u00edn Aguirre, luego del trompo de Mariano Werner, cuando dominaba la final. El segundo lugar fue Agust\u00edn Mart\u00ednez y tercero Germ\u00e1n Todino.<\/p>\n<p>&nbsp;<\/p>\n<p>Juan Pablo Ginini arrib\u00f3 cuarto y le alcanz\u00f3 para quedarse con la fase regular y los 15 puntos de premio que otorga la ACTC por ser el vencedor de esta etapa, m\u00e1s 24 por las tres carreras ganadas (8 puntos por competencia obtenida), suma 39 puntos. Werner, Mazzacane, Aguirre y Rodr\u00edguez lo har\u00e1n con 8 puntos y el resto con 0.<\/p>\n<p>&nbsp;<\/p>\n<p>La primera de las cuatro fechas que definir\u00e1 la Copa de Oro se disputar\u00e1 el 1 de septiembre, a\u00fan con escenario a confirmar.<\/p>\n","protected":false},"excerpt":{"rendered":"<p>El olavarriense estuvo presente en La Plata, escenario de la \u00faltima fecha de la fase regular de las TC Pick<\/p>\n","protected":false},"author":96739694,"featured_media":160254,"comment_status":"closed","ping_status":"closed","sticky":false,"template":"","format":"standard","meta":{"_jetpack_memberships_contains_paid_content":false,"footnotes":""},"categories":[34,1,39],"tags":[],"class_list":["post-135985","post","type-post","status-publish","format-standard","has-post-thumbnail","hentry","category-automovilismo","category-portada","category-tc-pick-up"],"jetpack_featured_media_url":"https:\/\/i0.wp.com\/cdnoticias.com\/wp-content\/uploads\/2024\/03\/WhatsApp-Image-2024-03-26-at-12.07.37-1.jpeg?fit=1080%2C611&ssl=1","jetpack_sharing_enabled":true,"_links":{"self":[{"href":"https:\/\/cdnoticias.com\/index.php\/wp-json\/wp\/v2\/posts\/135985","targetHints":{"allow":["GET"]}}],"collection":[{"href":"https:\/\/cdnoticias.com\/index.php\/wp-json\/wp\/v2\/posts"}],"about":[{"href":"https:\/\/cdnoticias.com\/index.php\/wp-json\/wp\/v2\/types\/post"}],"author":[{"embeddable":true,"href":"https:\/\/cdnoticias.com\/index.php\/wp-json\/wp\/v2\/users\/96739694"}],"replies":[{"embeddable":true,"href":"https:\/\/cdnoticias.com\/index.php\/wp-json\/wp\/v2\/comments?post=135985"}],"version-history":[{"count":0,"href":"https:\/\/cdnoticias.com\/index.php\/wp-json\/wp\/v2\/posts\/135985\/revisions"}],"wp:featuredmedia":[{"embeddable":true,"href":"https:\/\/cdnoticias.com\/index.php\/wp-json\/wp\/v2\/media\/160254"}],"wp:attachment":[{"href":"https:\/\/cdnoticias.com\/index.php\/wp-json\/wp\/v2\/media?parent=135985"}],"wp:term":[{"taxonomy":"category","embeddable":true,"href":"https:\/\/cdnoticias.com\/index.php\/wp-json\/wp\/v2\/categories?post=135985"},{"taxonomy":"post_tag","embeddable":true,"href":"https:\/\/cdnoticias.com\/index.php\/wp-json\/wp\/v2\/tags?post=135985"}],"curies":[{"name":"wp","href":"https:\/\/api.w.org\/{rel}","templated":true}]}}