{"id":135981,"date":"2024-08-11T22:35:00","date_gmt":"2024-08-12T01:35:00","guid":{"rendered":"https:\/\/centraldeportes.com.ar\/?p=53976"},"modified":"2025-02-13T21:38:16","modified_gmt":"2025-02-14T00:38:16","slug":"divisional-b-lujan-saco-ventaja-en-la-primera-final-del-play-off","status":"publish","type":"post","link":"https:\/\/cdnoticias.com\/index.php\/2024\/08\/11\/divisional-b-lujan-saco-ventaja-en-la-primera-final-del-play-off\/","title":{"rendered":"Divisional B: Luj\u00e1n sac\u00f3 ventaja en la primera final del Play-Off"},"content":{"rendered":"<p>El \u201cLujanero\u201d venci\u00f3 a Recalde por la m\u00ednima diferencia y, adem\u00e1s, le quit\u00f3 el invicto. En Reserva, festej\u00f3 con goleada el elenco recaldense.<!--more--><\/p>\n<hr \/>\n<p>En la fr\u00eda y ventosa tarde de este domingo, a la par de la <a href=\"https:\/\/cdnoticias.com\/boca-de-azul-se-corono-campeon-del-torneo-union-deportiva-regional\/\">definici\u00f3n del Interligas entre Ferro y Boca<\/a>, se disput\u00f3 el <strong>cruce de ida correspondiente a las finales del Play-Off del Torneo Apertura de la Divisional B<\/strong> tanto en Primera como en Reserva.<\/p>\n<p>&nbsp;<\/p>\n<p>El primer turno fue para la categor\u00eda mayor, con <strong>triunfo 1 a 0 de Luj\u00e1n sobre Recalde<\/strong> en el sint\u00e9tico del Clemente \u201cTete\u201d Di Carlo. <strong>Lucas Basualdo marc\u00f3 el \u00fanico grito de la tarde para los de Orellana<\/strong> que, adem\u00e1s, le quitaron el invicto al conjunto \u201cAlbinegro\u201d.<\/p>\n<p>&nbsp;<\/p>\n\n<p>&nbsp;<\/p>\n<p>Posteriormente, <strong>en la divisi\u00f3n preliminar, el combinado recaldense se impuso 4 a 1 frente a Crotto<\/strong> y qued\u00f3 muy bien perfilado para el duelo revancha.<\/p>\n<p>&nbsp;<\/p>\n<p>Los restantes noventa minutos, a\u00fan con escenario y horario a confirmar, se jugar\u00e1n el pr\u00f3ximo fin de semana. En caso de que Luj\u00e1n sea el vencedor, se jugar\u00e1 una final a partido \u00fanico para conocer al campe\u00f3n del Apertura.<\/p>\n","protected":false},"excerpt":{"rendered":"<p>El \u201cLujanero\u201d venci\u00f3 a Recalde por la m\u00ednima diferencia y, adem\u00e1s, le quit\u00f3 el invicto. En Reserva, festej\u00f3 con goleada<\/p>\n","protected":false},"author":96739694,"featured_media":162250,"comment_status":"closed","ping_status":"closed","sticky":false,"template":"","format":"standard","meta":{"_jetpack_memberships_contains_paid_content":false,"footnotes":""},"categories":[35,1,41],"tags":[],"class_list":["post-135981","post","type-post","status-publish","format-standard","has-post-thumbnail","hentry","category-futbol","category-portada","category-primera-y-reserva"],"jetpack_featured_media_url":"https:\/\/i0.wp.com\/cdnoticias.com\/wp-content\/uploads\/2024\/08\/primera-b-4.jpg?fit=1280%2C853&ssl=1","jetpack_sharing_enabled":true,"_links":{"self":[{"href":"https:\/\/cdnoticias.com\/index.php\/wp-json\/wp\/v2\/posts\/135981","targetHints":{"allow":["GET"]}}],"collection":[{"href":"https:\/\/cdnoticias.com\/index.php\/wp-json\/wp\/v2\/posts"}],"about":[{"href":"https:\/\/cdnoticias.com\/index.php\/wp-json\/wp\/v2\/types\/post"}],"author":[{"embeddable":true,"href":"https:\/\/cdnoticias.com\/index.php\/wp-json\/wp\/v2\/users\/96739694"}],"replies":[{"embeddable":true,"href":"https:\/\/cdnoticias.com\/index.php\/wp-json\/wp\/v2\/comments?post=135981"}],"version-history":[{"count":0,"href":"https:\/\/cdnoticias.com\/index.php\/wp-json\/wp\/v2\/posts\/135981\/revisions"}],"wp:featuredmedia":[{"embeddable":true,"href":"https:\/\/cdnoticias.com\/index.php\/wp-json\/wp\/v2\/media\/162250"}],"wp:attachment":[{"href":"https:\/\/cdnoticias.com\/index.php\/wp-json\/wp\/v2\/media?parent=135981"}],"wp:term":[{"taxonomy":"category","embeddable":true,"href":"https:\/\/cdnoticias.com\/index.php\/wp-json\/wp\/v2\/categories?post=135981"},{"taxonomy":"post_tag","embeddable":true,"href":"https:\/\/cdnoticias.com\/index.php\/wp-json\/wp\/v2\/tags?post=135981"}],"curies":[{"name":"wp","href":"https:\/\/api.w.org\/{rel}","templated":true}]}}