{"id":135974,"date":"2024-08-10T19:40:09","date_gmt":"2024-08-10T22:40:09","guid":{"rendered":"https:\/\/centraldeportes.com.ar\/?p=53908"},"modified":"2025-02-13T21:38:29","modified_gmt":"2025-02-14T00:38:29","slug":"el-campeonato-provincial-de-atletismo-sub23-arranco-con-medallas","status":"publish","type":"post","link":"https:\/\/cdnoticias.com\/index.php\/2024\/08\/10\/el-campeonato-provincial-de-atletismo-sub23-arranco-con-medallas\/","title":{"rendered":"El Campeonato Provincial de atletismo Sub23 arranc\u00f3 con medallas"},"content":{"rendered":"<p>En el transcurso de este s\u00e1bado en la pista de atletismo de la Universidad de La Plata comenz\u00f3 el Campeonato Provincial de atletismo categor\u00eda sub23 y varios olavarrienses lograron subirse al podio.<!--more--><\/p>\n<hr \/>\n<p>Clara Rudolf, Juana Martinefsky, Agust\u00edn Bustos, Bautista Galicchio, Leandro \u00c1lvarez P\u00e9rez, Bautista Astiz, I\u00f1aki Arguindegui, Ignacio Alga\u00f1araz y Alfredo Ardiles representaron a Olavarr\u00eda en la cita provincial.<\/p>\n<p>&nbsp;<\/p>\n<p>El mejor resultado de la jornada inaugural fue la de la posta 4&#215;100 del Club El Fort\u00edn que con un registro de 46.20 lograron quedarse con el t\u00edtulo. El equipo campe\u00f3n estuvo compuesto por Arguindegui, Astiz, Bustos y Galicchio.<\/p>\n<p>&nbsp;<\/p>\n<p>Adem\u00e1s, en la prueba de 110 metros con vallas y haciendo su debut, Agust\u00edn Bustos logr\u00f3 un registro de 17.49 para colocarse en la segunda colocaci\u00f3n y colgarse la medalla de plata.<\/p>\n<p>&nbsp;<\/p>\n<p>[soliloquy id=&#8221;53910&#8243;]<\/p>\n<p>&nbsp;<\/p>\n<p>En la prueba de 100 metros, participaron Bautista Galicchi que con marc\u00f3 11.19 para finalizar segundo y lograr medalla de plata, Leandro \u00c1lvarez P\u00e9rez y Agust\u00edn Bustos que fueron cuartos en sus series.<\/p>\n<p>&nbsp;<\/p>\n<p>En los 400 metros tambi\u00e9n hubo presencia \u201cFortinera\u201d y medallas ya que Bautista Astiz fue segundo con un tiempo de 50.40 e I\u00f1aki Arguindegui finaliz\u00f3 tercero con 51.47. Ignacio Alga\u00f1araz tambi\u00e9n particip\u00f3 de la Final y fue 5\u00b0 con 55.65.<\/p>\n<p>&nbsp;<\/p>\n<p>Alfredo Ardiles tambi\u00e9n se subi\u00f3 al podio en La Plata y en los 1500 metros fue tercero con 4:08.67.<\/p>\n<p>&nbsp;<\/p>\n<p>Por \u00faltimo, en la rama femenina, se destac\u00f3 Juana Martinefsky que particip\u00f3 en los 100 metros y tras ganar su serie particip\u00f3 de la final y fue tercera con un tiempo de 13.42.<\/p>\n<p>&nbsp;<\/p>\n<p>Clara Rudolf, por su parte, se present\u00f3 en los 100 metros y finaliz\u00f3 quinta en la Final y en los 100 metros con vallas marc\u00f3 un tiempo de 21.36 para colocarse en la 4\u00b0 posici\u00f3n final.<\/p>\n","protected":false},"excerpt":{"rendered":"<p>En el transcurso de este s\u00e1bado en la pista de atletismo de la Universidad de La Plata comenz\u00f3 el Campeonato<\/p>\n","protected":false},"author":96739694,"featured_media":162273,"comment_status":"closed","ping_status":"closed","sticky":false,"template":"","format":"standard","meta":{"_jetpack_memberships_contains_paid_content":false,"footnotes":""},"categories":[38,1],"tags":[],"class_list":["post-135974","post","type-post","status-publish","format-standard","has-post-thumbnail","hentry","category-pedestrismo","category-portada"],"jetpack_featured_media_url":"https:\/\/i0.wp.com\/cdnoticias.com\/wp-content\/uploads\/2024\/08\/atletismo-4.jpg?fit=800%2C445&ssl=1","jetpack_sharing_enabled":true,"_links":{"self":[{"href":"https:\/\/cdnoticias.com\/index.php\/wp-json\/wp\/v2\/posts\/135974","targetHints":{"allow":["GET"]}}],"collection":[{"href":"https:\/\/cdnoticias.com\/index.php\/wp-json\/wp\/v2\/posts"}],"about":[{"href":"https:\/\/cdnoticias.com\/index.php\/wp-json\/wp\/v2\/types\/post"}],"author":[{"embeddable":true,"href":"https:\/\/cdnoticias.com\/index.php\/wp-json\/wp\/v2\/users\/96739694"}],"replies":[{"embeddable":true,"href":"https:\/\/cdnoticias.com\/index.php\/wp-json\/wp\/v2\/comments?post=135974"}],"version-history":[{"count":0,"href":"https:\/\/cdnoticias.com\/index.php\/wp-json\/wp\/v2\/posts\/135974\/revisions"}],"wp:featuredmedia":[{"embeddable":true,"href":"https:\/\/cdnoticias.com\/index.php\/wp-json\/wp\/v2\/media\/162273"}],"wp:attachment":[{"href":"https:\/\/cdnoticias.com\/index.php\/wp-json\/wp\/v2\/media?parent=135974"}],"wp:term":[{"taxonomy":"category","embeddable":true,"href":"https:\/\/cdnoticias.com\/index.php\/wp-json\/wp\/v2\/categories?post=135974"},{"taxonomy":"post_tag","embeddable":true,"href":"https:\/\/cdnoticias.com\/index.php\/wp-json\/wp\/v2\/tags?post=135974"}],"curies":[{"name":"wp","href":"https:\/\/api.w.org\/{rel}","templated":true}]}}