{"id":13597,"date":"2021-02-12T15:44:15","date_gmt":"2021-02-12T18:44:15","guid":{"rendered":"http:\/\/www.centraldenoticias.com.ar\/?p=13597"},"modified":"2021-02-12T17:51:12","modified_gmt":"2021-02-12T20:51:12","slug":"secuestran-celulares-y-elementos-de-interes-en-allanamientos-por-el-crimen-de-matias-cabral","status":"publish","type":"post","link":"https:\/\/cdnoticias.com\/index.php\/2021\/02\/12\/secuestran-celulares-y-elementos-de-interes-en-allanamientos-por-el-crimen-de-matias-cabral\/","title":{"rendered":"Secuestran celulares y \u201celementos de inter\u00e9s\u201d en allanamientos por el crimen de Mat\u00edas Cabral"},"content":{"rendered":"<p>En las \u00faltimas horas se produjeron importantes novedades en el marco de la investigaci\u00f3n por el crimen ocurrido a mediados de enero en el barrio 12 de octubre.<!--more--><\/p>\n<hr \/>\n<p>Personal de la SubDDI local, con la colaboraci\u00f3n de agentes de otras dependencias policiales, llevaron a cabo tres allanamientos que permitieron el<strong> secuestro de numerosos \u201celementos de inter\u00e9s probatorio\u201d<\/strong> para la investigaci\u00f3n que pretende establecer c\u00f3mo y, m\u00e1s a\u00fan, qui\u00e9n o qui\u00e9nes se vieron implicados en el <a href=\"https:\/\/cdnoticias.com\/index.php\/2021\/01\/17\/un-joven-fue-asesinado-tras-una-pelea-vecinal\/\" target=\"_blank\" rel=\"noopener\">crimen de Mat\u00edas Cabral<\/a>.<\/p>\n<p>&nbsp;<\/p>\n<p>Seg\u00fan fue confiado a <em><strong>Central de Noticias<\/strong><\/em>, las tareas fueron requeridas por la fiscal Paula Serrano y avaladas por la doctora Fabiana San Rom\u00e1n, titular del Juzgado local de Garant\u00edas N\u00b0 1.<strong> La investigaci\u00f3n, por el momento, cuenta con un \u00fanico detenido, Juli\u00e1n Castro, acusado de ser el autor material del crimen que se registr\u00f3 a mediados de enero en el barrio 12 de Octubre.<\/strong><\/p>\n<p>&nbsp;<\/p>\n<blockquote><p>Mat\u00edas Cabral era oriundo de Azul, ten\u00eda 21 a\u00f1os y estaba a pocas semanas de ser padre<\/p><\/blockquote>\n<p>&nbsp;<\/p>\n<p>Adem\u00e1s del grado de irracionalidad y violencia, el hecho conmocion\u00f3 a la opini\u00f3n p\u00fablica dado que las primeras versiones daban cuenta que todo se habr\u00eda originado por <strong>una discusi\u00f3n por el volumen de la m\u00fasica. Sin embargo, esa versi\u00f3n fue descartada de plano por personas del v\u00ednculo m\u00e1s cercano de la v\u00edctima, desde el cual tambi\u00e9n se asegura que otros j\u00f3venes habr\u00edan participado activamente en el hecho.<\/strong><\/p>\n<p>&nbsp;<\/p>\n<p>Lo concreto es que en la investigaci\u00f3n las averiguaciones cerraron r\u00e1pidamente el cerco sobre Castro, que <a href=\"https:\/\/cdnoticias.com\/index.php\/2021\/01\/18\/crimen-12-de-octubre-se-entrego-en-la-comisaria-primera-el-joven-acusado\/\" target=\"_blank\" rel=\"noopener\">horas m\u00e1s tarde se entregar\u00eda en la comisar\u00eda Primera ante la continuidad de pesquisas y procedimientos en su contra<\/a>. Lo hizo en compa\u00f1\u00eda de un abogado particular que actualmente es su defensor en la investigaci\u00f3n que se encuentra caratulada como<strong> \u201chomicidio agravado por el empleo de arma\u201d y \u201cportaci\u00f3n de arma de fuego de uso civil\u201d<\/strong>.<\/p>\n<p>&nbsp;<\/p>\n<blockquote><p>Los allanamientos fueron encabezados desde la SubDDI local, con la colaboraci\u00f3n de agentes de Investigaci\u00f3n de Azul y Bol\u00edvar, adem\u00e1s del GAD, polic\u00eda Local y las comisar\u00edas Primera y Segunda.<\/p><\/blockquote>\n<p>&nbsp;<\/p>\n<p>Vale recordar que <strong>en su inicio la causa fue instruida por el doctor Christian Url\u00e9zaga, fiscal de feria durante la segunda quincena de enero<\/strong>, y fue precisamente el funcionario judicial olavarriense quien encabez\u00f3 la audiencia en t\u00e9rminos del art\u00edculo 308 del C\u00f3digo Procesal Penal, ocasi\u00f3n en la que se notifica al acusado de las actuaciones en su contra y se le da la posibilidad de dar su versi\u00f3n de los hechos. Sin embargo, esto \u00faltimo no ocurri\u00f3 ya que Castro <a href=\"https:\/\/cdnoticias.com\/index.php\/2021\/01\/19\/se-nego-a-declarar-el-joven-acusado-por-el-crimen-en-el-barrio-12-de-octubre\/\" target=\"_blank\" rel=\"noopener\">hizo uso de su derecho de negarse a prestar declaraci\u00f3n indagatoria<\/a>.<\/p>\n<p>&nbsp;<\/p>\n<p>Ahora, tal cual le fue narrado a este portal, la novedad est\u00e1 dada por el <strong>hallazgo y secuestro de tel\u00e9fonos celulares y otra serie de elementos de inter\u00e9s probatorio que ser\u00e1n peritados pr\u00f3ximamente<\/strong>. Esos artefactos fueron incautados en el marco de tres allanamientos que se concretaron en las \u00faltimas horas en distintos domicilios del barrio Lourdes.<\/p>\n","protected":false},"excerpt":{"rendered":"<p>En las \u00faltimas horas se produjeron importantes novedades en el marco de la investigaci\u00f3n por el crimen ocurrido a mediados<\/p>\n","protected":false},"author":3,"featured_media":13598,"comment_status":"closed","ping_status":"closed","sticky":false,"template":"","format":"standard","meta":{"_jetpack_memberships_contains_paid_content":false,"footnotes":""},"categories":[14,1],"tags":[],"class_list":["post-13597","post","type-post","status-publish","format-standard","has-post-thumbnail","hentry","category-policiales","category-portada"],"jetpack_featured_media_url":"https:\/\/i0.wp.com\/cdnoticias.com\/wp-content\/uploads\/2021\/02\/WhatsApp-Image-2021-02-12-at-14.01.07-e1613155432832.jpeg?fit=777%2C465&ssl=1","jetpack_sharing_enabled":true,"_links":{"self":[{"href":"https:\/\/cdnoticias.com\/index.php\/wp-json\/wp\/v2\/posts\/13597","targetHints":{"allow":["GET"]}}],"collection":[{"href":"https:\/\/cdnoticias.com\/index.php\/wp-json\/wp\/v2\/posts"}],"about":[{"href":"https:\/\/cdnoticias.com\/index.php\/wp-json\/wp\/v2\/types\/post"}],"author":[{"embeddable":true,"href":"https:\/\/cdnoticias.com\/index.php\/wp-json\/wp\/v2\/users\/3"}],"replies":[{"embeddable":true,"href":"https:\/\/cdnoticias.com\/index.php\/wp-json\/wp\/v2\/comments?post=13597"}],"version-history":[{"count":0,"href":"https:\/\/cdnoticias.com\/index.php\/wp-json\/wp\/v2\/posts\/13597\/revisions"}],"wp:featuredmedia":[{"embeddable":true,"href":"https:\/\/cdnoticias.com\/index.php\/wp-json\/wp\/v2\/media\/13598"}],"wp:attachment":[{"href":"https:\/\/cdnoticias.com\/index.php\/wp-json\/wp\/v2\/media?parent=13597"}],"wp:term":[{"taxonomy":"category","embeddable":true,"href":"https:\/\/cdnoticias.com\/index.php\/wp-json\/wp\/v2\/categories?post=13597"},{"taxonomy":"post_tag","embeddable":true,"href":"https:\/\/cdnoticias.com\/index.php\/wp-json\/wp\/v2\/tags?post=13597"}],"curies":[{"name":"wp","href":"https:\/\/api.w.org\/{rel}","templated":true}]}}