{"id":135962,"date":"2024-08-07T18:53:42","date_gmt":"2024-08-07T21:53:42","guid":{"rendered":"https:\/\/centraldeportes.com.ar\/?p=53842"},"modified":"2025-02-13T21:37:16","modified_gmt":"2025-02-14T00:37:16","slug":"curso-de-arbitros-llego-a-su-fin-la-capacitacion-y-hubo-entrega-de-diplomas","status":"publish","type":"post","link":"https:\/\/cdnoticias.com\/index.php\/2024\/08\/07\/curso-de-arbitros-llego-a-su-fin-la-capacitacion-y-hubo-entrega-de-diplomas\/","title":{"rendered":"Curso de \u00e1rbitros: lleg\u00f3 a su fin la capacitaci\u00f3n y hubo entrega de diplomas"},"content":{"rendered":"<p>El pasado viernes se dio por finalizado el Curso de Aspirantes a \u00c1rbitros organizado por la Liga de F\u00fatbol de Olavarr\u00eda y el Municipio del Partido de Olavarr\u00eda.<!--more--><\/p>\n<hr \/>\n<p>Verdadero inter\u00e9s hab\u00eda generado el lanzamiento del Curso de \u00c1rbitros organizado en conjunto por la Municipalidad de Olavarr\u00eda y la Liga de F\u00fatbol de Olavarr\u00eda y luego de varios meses de capacitaciones y pr\u00e1cticas, se entregaron los diplomas.<\/p>\n<p>&nbsp;<\/p>\n<p>A cargo de Mario Patern\u00f3, presidente de la Liga de F\u00fatbol, graduados y graduadas que debieron rendir un te\u00f3rico y un pr\u00e1ctico en campo de juego recibieron sus diplomas y ser\u00e1n parte de la Asociaci\u00f3n de \u00c1rbitros de Olavarr\u00eda.<\/p>\n<p>&nbsp;<\/p>\n<p>Vale recordar que en la primera parte las clases estuvieron a cargo de Jer\u00f3nimo Gallo y luego de Rub\u00e9n Billegas.<\/p>\n","protected":false},"excerpt":{"rendered":"<p>El pasado viernes se dio por finalizado el Curso de Aspirantes a \u00c1rbitros organizado por la Liga de F\u00fatbol de<\/p>\n","protected":false},"author":96739694,"featured_media":162183,"comment_status":"closed","ping_status":"closed","sticky":false,"template":"","format":"standard","meta":{"_jetpack_memberships_contains_paid_content":false,"footnotes":""},"categories":[35,40,1],"tags":[],"class_list":["post-135962","post","type-post","status-publish","format-standard","has-post-thumbnail","hentry","category-futbol","category-inferiores","category-portada"],"jetpack_featured_media_url":"https:\/\/i0.wp.com\/cdnoticias.com\/wp-content\/uploads\/2024\/08\/453905869_18097294906431222_646535300401702427_n-e1723067604811.jpg?fit=1080%2C646&ssl=1","jetpack_sharing_enabled":true,"_links":{"self":[{"href":"https:\/\/cdnoticias.com\/index.php\/wp-json\/wp\/v2\/posts\/135962","targetHints":{"allow":["GET"]}}],"collection":[{"href":"https:\/\/cdnoticias.com\/index.php\/wp-json\/wp\/v2\/posts"}],"about":[{"href":"https:\/\/cdnoticias.com\/index.php\/wp-json\/wp\/v2\/types\/post"}],"author":[{"embeddable":true,"href":"https:\/\/cdnoticias.com\/index.php\/wp-json\/wp\/v2\/users\/96739694"}],"replies":[{"embeddable":true,"href":"https:\/\/cdnoticias.com\/index.php\/wp-json\/wp\/v2\/comments?post=135962"}],"version-history":[{"count":0,"href":"https:\/\/cdnoticias.com\/index.php\/wp-json\/wp\/v2\/posts\/135962\/revisions"}],"wp:featuredmedia":[{"embeddable":true,"href":"https:\/\/cdnoticias.com\/index.php\/wp-json\/wp\/v2\/media\/162183"}],"wp:attachment":[{"href":"https:\/\/cdnoticias.com\/index.php\/wp-json\/wp\/v2\/media?parent=135962"}],"wp:term":[{"taxonomy":"category","embeddable":true,"href":"https:\/\/cdnoticias.com\/index.php\/wp-json\/wp\/v2\/categories?post=135962"},{"taxonomy":"post_tag","embeddable":true,"href":"https:\/\/cdnoticias.com\/index.php\/wp-json\/wp\/v2\/tags?post=135962"}],"curies":[{"name":"wp","href":"https:\/\/api.w.org\/{rel}","templated":true}]}}