{"id":135959,"date":"2024-08-06T22:14:39","date_gmt":"2024-08-07T01:14:39","guid":{"rendered":"https:\/\/centraldeportes.com.ar\/?p=53833"},"modified":"2025-02-13T21:37:19","modified_gmt":"2025-02-14T00:37:19","slug":"desafio-aventura-salamone-en-laprida-un-olavarriense-gano-los-21k","status":"publish","type":"post","link":"https:\/\/cdnoticias.com\/index.php\/2024\/08\/06\/desafio-aventura-salamone-en-laprida-un-olavarriense-gano-los-21k\/","title":{"rendered":"\u201cDesaf\u00edo Aventura Salamone\u201d en Laprida: un olavarriense gan\u00f3 los 21K"},"content":{"rendered":"<p>Sebasti\u00e1n Kuhn fue el ganador de los 21K de la 1\u00b0 edici\u00f3n del \u201cDesaf\u00edo Aventura Salamone\u201d que se llev\u00f3 a cabo el pasado domingo en Laprida.<!--more--><\/p>\n<hr \/>\n<p>La primera edici\u00f3n del \u201cDesaf\u00edo Aventura Salamone 2024\u201d se realiz\u00f3 en las distancias de 3 a 21 kil\u00f3metros con la organizaci\u00f3n de la Municipalidad de Laprida junto al Club Atl\u00e9tico Platense y cont\u00f3 con un centenar de participantes.<\/p>\n<p>&nbsp;<\/p>\n<p>La carrera organizada para homenajear al arquitecto e ingeniero Francisco Salamone que recorri\u00f3 lugares emblem\u00e1ticos de la vecina localidad consagr\u00f3 ganador de la prueba principal a Sebasti\u00e1n Kuhn con un tiempo de 1:20:12. Adem\u00e1s, hubo otras presentaciones locales en las diferentes categor\u00edas.<\/p>\n<p>&nbsp;<\/p>\n<p>Los resultados:<\/p>\n<p>21K:<\/p>\n<p>Caballeros:<br \/>\n1\u00b0 Sebasti\u00e1n Kuhn con 1:20:12<br \/>\n10\u00b0 Emiliano Alderete<br \/>\n16\u00b0 Rub\u00e9n Giammarini<\/p>\n<p>&nbsp;<\/p>\n<p>15K:<\/p>\n<p>Caballeros:<br \/>\n3\u00b0 Juan Cruz Victoria con 1:04:20<br \/>\n13\u00b0 Juan Pedro Recofsky<br \/>\n16\u00b0 Walter Buchanan<br \/>\n21\u00b0 Diego Ayesa<\/p>\n<p>Damas:<br \/>\n4\u00b0 Florencia Garc\u00eda con 1:22:08<br \/>\n14\u00b0 Myram Vallejos<\/p>\n<p>&nbsp;<\/p>\n<p>7K:<\/p>\n<p>Caballeros:<br \/>\n4\u00b0 Nicol\u00e1s Recofsky con 26:58<br \/>\n15\u00b0 Luis Salom\u00f3n<br \/>\n21\u00b0 Luis Arias<br \/>\n22\u00b0 Vicente Zelaya<br \/>\n28\u00b0 Sergio Correa<\/p>\n<p>Damas:<br \/>\n5\u00b0 Mar\u00eda Arias con 33:34<br \/>\n26\u00b0 Aixa Serantes<\/p>\n","protected":false},"excerpt":{"rendered":"<p>Sebasti\u00e1n Kuhn fue el ganador de los 21K de la 1\u00b0 edici\u00f3n del \u201cDesaf\u00edo Aventura Salamone\u201d que se llev\u00f3 a<\/p>\n","protected":false},"author":96739694,"featured_media":162189,"comment_status":"closed","ping_status":"closed","sticky":false,"template":"","format":"standard","meta":{"_jetpack_memberships_contains_paid_content":false,"footnotes":""},"categories":[38,1],"tags":[],"class_list":["post-135959","post","type-post","status-publish","format-standard","has-post-thumbnail","hentry","category-pedestrismo","category-portada"],"jetpack_featured_media_url":"https:\/\/i0.wp.com\/cdnoticias.com\/wp-content\/uploads\/2024\/08\/WhatsApp-Image-2024-08-05-at-20.33.42-2.jpeg?fit=1600%2C739&ssl=1","jetpack_sharing_enabled":true,"_links":{"self":[{"href":"https:\/\/cdnoticias.com\/index.php\/wp-json\/wp\/v2\/posts\/135959","targetHints":{"allow":["GET"]}}],"collection":[{"href":"https:\/\/cdnoticias.com\/index.php\/wp-json\/wp\/v2\/posts"}],"about":[{"href":"https:\/\/cdnoticias.com\/index.php\/wp-json\/wp\/v2\/types\/post"}],"author":[{"embeddable":true,"href":"https:\/\/cdnoticias.com\/index.php\/wp-json\/wp\/v2\/users\/96739694"}],"replies":[{"embeddable":true,"href":"https:\/\/cdnoticias.com\/index.php\/wp-json\/wp\/v2\/comments?post=135959"}],"version-history":[{"count":0,"href":"https:\/\/cdnoticias.com\/index.php\/wp-json\/wp\/v2\/posts\/135959\/revisions"}],"wp:featuredmedia":[{"embeddable":true,"href":"https:\/\/cdnoticias.com\/index.php\/wp-json\/wp\/v2\/media\/162189"}],"wp:attachment":[{"href":"https:\/\/cdnoticias.com\/index.php\/wp-json\/wp\/v2\/media?parent=135959"}],"wp:term":[{"taxonomy":"category","embeddable":true,"href":"https:\/\/cdnoticias.com\/index.php\/wp-json\/wp\/v2\/categories?post=135959"},{"taxonomy":"post_tag","embeddable":true,"href":"https:\/\/cdnoticias.com\/index.php\/wp-json\/wp\/v2\/tags?post=135959"}],"curies":[{"name":"wp","href":"https:\/\/api.w.org\/{rel}","templated":true}]}}