{"id":135958,"date":"2024-08-06T20:19:30","date_gmt":"2024-08-06T23:19:30","guid":{"rendered":"https:\/\/centraldeportes.com.ar\/?p=53830"},"modified":"2025-02-13T21:37:21","modified_gmt":"2025-02-14T00:37:21","slug":"jornada-de-capacitacion-para-las-inferiores-de-colonias-y-cerros","status":"publish","type":"post","link":"https:\/\/cdnoticias.com\/index.php\/2024\/08\/06\/jornada-de-capacitacion-para-las-inferiores-de-colonias-y-cerros\/","title":{"rendered":"Jornada de capacitaci\u00f3n para las inferiores de Colonias y Cerros"},"content":{"rendered":"<p>En instalaciones de la Casa del Deporte y siguiendo con el plan de acompa\u00f1amiento dispuesto por el Club Colonias y Cerros, dos categor\u00edas tuvieron una charla de psicolog\u00eda deportiva.<!--more--><\/p>\n<hr \/>\n<p>La licenciada Evangelina Arambides brind\u00f3 una charla para la Novena y S\u00e9ptima Divisi\u00f3n del Club Colonias y Cerros en el transcurso del pasado lunes.<\/p>\n<p>&nbsp;<\/p>\n<p>La jornada hizo hincapi\u00e9 en el saber trabajar las frustraciones, identificar debilidades y la importancia del trabajo en equipo para m\u00e1s de 20 futbolistas en formaci\u00f3n del \u201cTricolor\u201d.<\/p>\n<p>&nbsp;<\/p>\n<p>Arambides estuvo acompa\u00f1ada por profesor Nelson Loiza y coordinada por el presidente de la entidad deportiva, Marcelo Gadea.<\/p>\n","protected":false},"excerpt":{"rendered":"<p>En instalaciones de la Casa del Deporte y siguiendo con el plan de acompa\u00f1amiento dispuesto por el Club Colonias y<\/p>\n","protected":false},"author":96739694,"featured_media":162191,"comment_status":"closed","ping_status":"closed","sticky":false,"template":"","format":"standard","meta":{"_jetpack_memberships_contains_paid_content":false,"footnotes":""},"categories":[35,40,1],"tags":[],"class_list":["post-135958","post","type-post","status-publish","format-standard","has-post-thumbnail","hentry","category-futbol","category-inferiores","category-portada"],"jetpack_featured_media_url":"https:\/\/i0.wp.com\/cdnoticias.com\/wp-content\/uploads\/2024\/08\/WhatsApp-Image-2024-08-05-at-23.17.29-e1722986356232.jpeg?fit=1600%2C946&ssl=1","jetpack_sharing_enabled":true,"_links":{"self":[{"href":"https:\/\/cdnoticias.com\/index.php\/wp-json\/wp\/v2\/posts\/135958","targetHints":{"allow":["GET"]}}],"collection":[{"href":"https:\/\/cdnoticias.com\/index.php\/wp-json\/wp\/v2\/posts"}],"about":[{"href":"https:\/\/cdnoticias.com\/index.php\/wp-json\/wp\/v2\/types\/post"}],"author":[{"embeddable":true,"href":"https:\/\/cdnoticias.com\/index.php\/wp-json\/wp\/v2\/users\/96739694"}],"replies":[{"embeddable":true,"href":"https:\/\/cdnoticias.com\/index.php\/wp-json\/wp\/v2\/comments?post=135958"}],"version-history":[{"count":0,"href":"https:\/\/cdnoticias.com\/index.php\/wp-json\/wp\/v2\/posts\/135958\/revisions"}],"wp:featuredmedia":[{"embeddable":true,"href":"https:\/\/cdnoticias.com\/index.php\/wp-json\/wp\/v2\/media\/162191"}],"wp:attachment":[{"href":"https:\/\/cdnoticias.com\/index.php\/wp-json\/wp\/v2\/media?parent=135958"}],"wp:term":[{"taxonomy":"category","embeddable":true,"href":"https:\/\/cdnoticias.com\/index.php\/wp-json\/wp\/v2\/categories?post=135958"},{"taxonomy":"post_tag","embeddable":true,"href":"https:\/\/cdnoticias.com\/index.php\/wp-json\/wp\/v2\/tags?post=135958"}],"curies":[{"name":"wp","href":"https:\/\/api.w.org\/{rel}","templated":true}]}}