{"id":135955,"date":"2024-08-04T22:29:31","date_gmt":"2024-08-05T01:29:31","guid":{"rendered":"https:\/\/centraldeportes.com.ar\/?p=53807"},"modified":"2025-02-13T21:37:24","modified_gmt":"2025-02-14T00:37:24","slug":"boxeo-representante-local-festejo-en-alvear","status":"publish","type":"post","link":"https:\/\/cdnoticias.com\/index.php\/2024\/08\/04\/boxeo-representante-local-festejo-en-alvear\/","title":{"rendered":"Boxeo: representante local festej\u00f3 en Alvear"},"content":{"rendered":"<p>Gran marco de p\u00fablico dijo presente en la noche del s\u00e1bado en el gimnasio Tucho Veliz del Club Uni\u00f3n Empleados de Comercio de General Alvear donde se realiz\u00f3 un Festival Amateur-Profesional que tuvo presencia olavarriense.<!--more--><\/p>\n<hr \/>\n<p>Alexander Medina, fue el protagonista de una de las peleas preliminares de la velada organizada por Alicia Cardozo y que cerr\u00f3 con el triunfo del profesional local, Federico Diez.<\/p>\n<p>&nbsp;<\/p>\n<p>El pupilo de Tito Videla se impuso por fallo un\u00e1nime a Alejandro Gim\u00e9nez de Las Flores en la categor\u00eda Hasta 60kg.<\/p>\n<p>&nbsp;<\/p>\n<p>Adem\u00e1s, dentro de las peleas amateurs, deb\u00eda presentarse Catalina Acosta, pero su rival no lleg\u00f3 a destino por una falla en su veh\u00edculo, en lo que fue otro de los imprevistos que debi\u00f3 afrontar la organizaci\u00f3n.<\/p>\n<p>&nbsp;<\/p>\n<p>Resulta que tambi\u00e9n, la jornada deb\u00eda tener varios representantes del gimnasio Benito Box que por el fallecimiento de <a href=\"https:\/\/cdnoticias.com\/jornada-de-luto-en-el-boxeo-olavarriense-ante-el-fallecimiento-de-iara-benito\/\">Iara Benito<\/a>, desisti\u00f3 de participar.<\/p>\n<p>&nbsp;<\/p>\n<p>En el cierre de la velada, el boxeador local derrot\u00f3 en las tarjetas tras los cuatro rounds al pampeano Denis Mart\u00ednez. Fue fallo un\u00e1nime en el combate enmarcado en la categor\u00eda S\u00faper Gallo.<\/p>\n","protected":false},"excerpt":{"rendered":"<p>Gran marco de p\u00fablico dijo presente en la noche del s\u00e1bado en el gimnasio Tucho Veliz del Club Uni\u00f3n Empleados<\/p>\n","protected":false},"author":96739694,"featured_media":162197,"comment_status":"closed","ping_status":"closed","sticky":false,"template":"","format":"standard","meta":{"_jetpack_memberships_contains_paid_content":false,"footnotes":""},"categories":[30,1],"tags":[],"class_list":["post-135955","post","type-post","status-publish","format-standard","has-post-thumbnail","hentry","category-polideportivo","category-portada"],"jetpack_featured_media_url":"https:\/\/i0.wp.com\/cdnoticias.com\/wp-content\/uploads\/2024\/08\/boxeo.jpg?fit=800%2C445&ssl=1","jetpack_sharing_enabled":true,"_links":{"self":[{"href":"https:\/\/cdnoticias.com\/index.php\/wp-json\/wp\/v2\/posts\/135955","targetHints":{"allow":["GET"]}}],"collection":[{"href":"https:\/\/cdnoticias.com\/index.php\/wp-json\/wp\/v2\/posts"}],"about":[{"href":"https:\/\/cdnoticias.com\/index.php\/wp-json\/wp\/v2\/types\/post"}],"author":[{"embeddable":true,"href":"https:\/\/cdnoticias.com\/index.php\/wp-json\/wp\/v2\/users\/96739694"}],"replies":[{"embeddable":true,"href":"https:\/\/cdnoticias.com\/index.php\/wp-json\/wp\/v2\/comments?post=135955"}],"version-history":[{"count":0,"href":"https:\/\/cdnoticias.com\/index.php\/wp-json\/wp\/v2\/posts\/135955\/revisions"}],"wp:featuredmedia":[{"embeddable":true,"href":"https:\/\/cdnoticias.com\/index.php\/wp-json\/wp\/v2\/media\/162197"}],"wp:attachment":[{"href":"https:\/\/cdnoticias.com\/index.php\/wp-json\/wp\/v2\/media?parent=135955"}],"wp:term":[{"taxonomy":"category","embeddable":true,"href":"https:\/\/cdnoticias.com\/index.php\/wp-json\/wp\/v2\/categories?post=135955"},{"taxonomy":"post_tag","embeddable":true,"href":"https:\/\/cdnoticias.com\/index.php\/wp-json\/wp\/v2\/tags?post=135955"}],"curies":[{"name":"wp","href":"https:\/\/api.w.org\/{rel}","templated":true}]}}