{"id":135942,"date":"2024-08-02T22:06:23","date_gmt":"2024-08-03T01:06:23","guid":{"rendered":"https:\/\/centraldeportes.com.ar\/?p=53741"},"modified":"2025-02-13T21:37:39","modified_gmt":"2025-02-14T00:37:39","slug":"podios-para-francisco-crimaldi-en-el-torneo-nacional","status":"publish","type":"post","link":"https:\/\/cdnoticias.com\/index.php\/2024\/08\/02\/podios-para-francisco-crimaldi-en-el-torneo-nacional\/","title":{"rendered":"Podios para Francisco Crimaldi en el Torneo Nacional"},"content":{"rendered":"<p>En el transcurso de la pasada semana se llev\u00f3 a cabo una nueva edici\u00f3n del Campeonato Nacional y fue con una destacada actuaci\u00f3n de Francisco Crimaldi.<!--more--><\/p>\n<hr \/>\n<p>El deportista olavarriense integr\u00f3 la Selecci\u00f3n de Buenos Aires que particip\u00f3 de la 69\u00b0 edici\u00f3n Campeonato Argentino de Tenis de Mesa realizado en Misiones y logr\u00f3 subirse al podio.<\/p>\n<p>&nbsp;<\/p>\n<p>Crimaldi fue campe\u00f3n argentino por equipos y subcampe\u00f3n en doble mixto. Adem\u00e1s, particip\u00f3 en individual donde fue 8\u00b0.<\/p>\n<p>&nbsp;<\/p>\n<p>El certamen en escenario de la tierra colorada cont\u00f3 con la presencia de delegaciones de C\u00f3rdoba, Neuqu\u00e9n, San Luis, Chaco, Salta, Santa Fe, Jujuy, Entre R\u00edos, Chubut, Corrientes, Mendoza, Santa Cruz, Santiago del Estero y Misiones, adem\u00e1s de la selecci\u00f3n bonaerense.<\/p>\n","protected":false},"excerpt":{"rendered":"<p>En el transcurso de la pasada semana se llev\u00f3 a cabo una nueva edici\u00f3n del Campeonato Nacional y fue con<\/p>\n","protected":false},"author":96739694,"featured_media":162232,"comment_status":"closed","ping_status":"closed","sticky":false,"template":"","format":"standard","meta":{"_jetpack_memberships_contains_paid_content":false,"footnotes":""},"categories":[30,1],"tags":[],"class_list":["post-135942","post","type-post","status-publish","format-standard","has-post-thumbnail","hentry","category-polideportivo","category-portada"],"jetpack_featured_media_url":"https:\/\/i0.wp.com\/cdnoticias.com\/wp-content\/uploads\/2024\/08\/crimaldi1-e1722647177863.jpg?fit=730%2C391&ssl=1","jetpack_sharing_enabled":true,"_links":{"self":[{"href":"https:\/\/cdnoticias.com\/index.php\/wp-json\/wp\/v2\/posts\/135942","targetHints":{"allow":["GET"]}}],"collection":[{"href":"https:\/\/cdnoticias.com\/index.php\/wp-json\/wp\/v2\/posts"}],"about":[{"href":"https:\/\/cdnoticias.com\/index.php\/wp-json\/wp\/v2\/types\/post"}],"author":[{"embeddable":true,"href":"https:\/\/cdnoticias.com\/index.php\/wp-json\/wp\/v2\/users\/96739694"}],"replies":[{"embeddable":true,"href":"https:\/\/cdnoticias.com\/index.php\/wp-json\/wp\/v2\/comments?post=135942"}],"version-history":[{"count":0,"href":"https:\/\/cdnoticias.com\/index.php\/wp-json\/wp\/v2\/posts\/135942\/revisions"}],"wp:featuredmedia":[{"embeddable":true,"href":"https:\/\/cdnoticias.com\/index.php\/wp-json\/wp\/v2\/media\/162232"}],"wp:attachment":[{"href":"https:\/\/cdnoticias.com\/index.php\/wp-json\/wp\/v2\/media?parent=135942"}],"wp:term":[{"taxonomy":"category","embeddable":true,"href":"https:\/\/cdnoticias.com\/index.php\/wp-json\/wp\/v2\/categories?post=135942"},{"taxonomy":"post_tag","embeddable":true,"href":"https:\/\/cdnoticias.com\/index.php\/wp-json\/wp\/v2\/tags?post=135942"}],"curies":[{"name":"wp","href":"https:\/\/api.w.org\/{rel}","templated":true}]}}