{"id":135929,"date":"2024-07-31T17:30:40","date_gmt":"2024-07-31T20:30:40","guid":{"rendered":"https:\/\/centraldeportes.com.ar\/?p=53695"},"modified":"2025-02-13T21:36:11","modified_gmt":"2025-02-14T00:36:11","slug":"mariano-marina-continua-siendo-jugador-de-deportivo-viedma","status":"publish","type":"post","link":"https:\/\/cdnoticias.com\/index.php\/2024\/07\/31\/mariano-marina-continua-siendo-jugador-de-deportivo-viedma\/","title":{"rendered":"Mariano Marina contin\u00faa siendo jugador de Deportivo Viedma"},"content":{"rendered":"<p>Deportivo Viedma comenz\u00f3 a armar su plantel para afrontar la Temporada 2024\/25 de la Liga Argentina de B\u00e1squet y ya tiene a su primer jugador confirmado: Mariano Marina.<!--more--><\/p>\n<hr \/>\n<p>Luego de la ratificaci\u00f3n del experimentado entrenador Guillermo Bogliacino a cargo de Deportivo Viedma, el equipo de R\u00edo Negro confirm\u00f3 a su primer jugador y es nada m\u00e1s ni nada menos que el base olavarriense.<\/p>\n<p>&nbsp;<\/p>\n<p>Luego de haber tenido una temporada m\u00e1s que positiva siendo protagonista, Marina continuar\u00e1 vistiendo los colores del club rionegrino por cuarta temporada consecutiva (lleg\u00f3 a Viedma en el 2021).<\/p>\n<p>&nbsp;<\/p>\n<p>El olavarriense cuenta con n\u00fameros m\u00e1s que destacables ya que tiene en su haber 114 partidos jugados con 1307 puntos convertidos.<\/p>\n","protected":false},"excerpt":{"rendered":"<p>Deportivo Viedma comenz\u00f3 a armar su plantel para afrontar la Temporada 2024\/25 de la Liga Argentina de B\u00e1squet y ya<\/p>\n","protected":false},"author":96739694,"featured_media":152322,"comment_status":"closed","ping_status":"closed","sticky":false,"template":"","format":"standard","meta":{"_jetpack_memberships_contains_paid_content":false,"footnotes":""},"categories":[31,32,1],"tags":[],"class_list":["post-135929","post","type-post","status-publish","format-standard","has-post-thumbnail","hentry","category-basquet","category-liga-argentina","category-portada"],"jetpack_featured_media_url":"https:\/\/i0.wp.com\/cdnoticias.com\/wp-content\/uploads\/2022\/10\/WhatsApp-Image-2022-10-21-at-16.21.40.jpeg?fit=1280%2C852&ssl=1","jetpack_sharing_enabled":true,"_links":{"self":[{"href":"https:\/\/cdnoticias.com\/index.php\/wp-json\/wp\/v2\/posts\/135929","targetHints":{"allow":["GET"]}}],"collection":[{"href":"https:\/\/cdnoticias.com\/index.php\/wp-json\/wp\/v2\/posts"}],"about":[{"href":"https:\/\/cdnoticias.com\/index.php\/wp-json\/wp\/v2\/types\/post"}],"author":[{"embeddable":true,"href":"https:\/\/cdnoticias.com\/index.php\/wp-json\/wp\/v2\/users\/96739694"}],"replies":[{"embeddable":true,"href":"https:\/\/cdnoticias.com\/index.php\/wp-json\/wp\/v2\/comments?post=135929"}],"version-history":[{"count":0,"href":"https:\/\/cdnoticias.com\/index.php\/wp-json\/wp\/v2\/posts\/135929\/revisions"}],"wp:featuredmedia":[{"embeddable":true,"href":"https:\/\/cdnoticias.com\/index.php\/wp-json\/wp\/v2\/media\/152322"}],"wp:attachment":[{"href":"https:\/\/cdnoticias.com\/index.php\/wp-json\/wp\/v2\/media?parent=135929"}],"wp:term":[{"taxonomy":"category","embeddable":true,"href":"https:\/\/cdnoticias.com\/index.php\/wp-json\/wp\/v2\/categories?post=135929"},{"taxonomy":"post_tag","embeddable":true,"href":"https:\/\/cdnoticias.com\/index.php\/wp-json\/wp\/v2\/tags?post=135929"}],"curies":[{"name":"wp","href":"https:\/\/api.w.org\/{rel}","templated":true}]}}