{"id":135918,"date":"2024-07-28T21:15:44","date_gmt":"2024-07-29T00:15:44","guid":{"rendered":"https:\/\/centraldeportes.com.ar\/?p=53644"},"modified":"2025-02-13T21:36:24","modified_gmt":"2025-02-14T00:36:24","slug":"ferro-es-finalista-del-torneo-union-deportiva-regional","status":"publish","type":"post","link":"https:\/\/cdnoticias.com\/index.php\/2024\/07\/28\/ferro-es-finalista-del-torneo-union-deportiva-regional\/","title":{"rendered":"Ferro es finalista del Torneo Uni\u00f3n Deportiva Regional"},"content":{"rendered":"<p>El equipo de Miguel Diorio super\u00f3 este domingo a Balonpi\u00e9 de Bol\u00edvar y revirti\u00f3 la serie global tras imponerse 3 a 1 en el Clemente Di Carlo. Adem\u00e1s, logr\u00f3 la clasificaci\u00f3n al pr\u00f3ximo Torneo Regional Amateur.<!--more--><\/p>\n<hr \/>\n<p><strong>Y el \u201cCarbonero\u201d va<\/strong>. Este domingo por la tarde, en un colmado Clemente \u201cTete\u201d Di Carlo, derrot\u00f3 a <strong>Balonpi\u00e9 de Bol\u00edvar<\/strong> y consigui\u00f3 el resultado matem\u00e1tico para dar vuelta la serie, avanzar a la final del campeonato Interligas y, de yapa, la clasificaci\u00f3n al <strong>Torneo Regional Amateur 2024 \u2013 2025<\/strong>.<\/p>\n<p>&nbsp;<\/p>\n<p><strong>Tras una gran labor en el primer tiempo y con un triplete del azule\u00f1o Ram\u00f3n S\u00e1nchez, Ferro se impuso 3 a 1 ante el equipo bolivarense y liquid\u00f3 la serie global 4 \u2013 3. Nicol\u00e1s Sard\u00f3n, en el segundo tiempo, convirti\u00f3 el descuento transitorio para los de Maxwell<\/strong>.<\/p>\n<p>&nbsp;<\/p>\n<ul>\n<li>\n<h6><strong>El partido<\/strong><\/h6>\n<\/li>\n<\/ul>\n<p>&nbsp;<\/p>\n<p>De entrada, Ferro hall\u00f3 el gol tempranero para empatar la serie y transitar el cotejo con m\u00e1s tranquilidad. <strong>A los 4\u2019, Ram\u00f3n S\u00e1nchez volcado sobre la izquierda y asistido por Gonz\u00e1lez de espaldas, sac\u00f3 un fuerte derechazo cruzado y la clav\u00f3 en el \u00e1ngulo para el primer grito de la tarde<\/strong>.<\/p>\n<p>&nbsp;<\/p>\n<p>Tal ventaja le hizo bien al \u201cCarbonero\u201d. Mantuvo el orden en cada l\u00ednea y manej\u00f3 las riendas en el mediocampo con el t\u00e1ndem Ayesa \u2013 Borda \u2013 Campos. Logr\u00f3 someter a un buen equipo como Balonpi\u00e9, que le cost\u00f3 hacerse de la pelota y, cada vez que lo hizo, recurri\u00f3 a los pelotazos en profundidad.<\/p>\n<p>&nbsp;<\/p>\n<p>Iban 25\u2019 cuando arrib\u00f3 el segundo tanto para los de la avenida Pringles. Y tambi\u00e9n fue un golazo. <strong>S\u00e1nchez, esta vez sobre el v\u00e9rtice derecho del \u00e1rea, recibi\u00f3 y defini\u00f3 enseguida alto, por encima de un ligeramente adelantado Aranas para el 2 \u2013 0<\/strong>.<\/p>\n<p>&nbsp;<\/p>\n<p>[soliloquy id=&#8221;53627&#8243;]<\/p>\n<p>&nbsp;<\/p>\n<p>El resultado, hasta ese momento, le daba la clasificaci\u00f3n a Ferro. Incluso pudo haber sido m\u00e1s abultado previo al descanso, pero esta vez el arquero bolivarense le gan\u00f3 la pulseada a S\u00e1nchez con una notable atajada.<\/p>\n<p>&nbsp;<\/p>\n<p>No obstante, Balonpi\u00e9 mas airoso a jugar el segundo tiempo. Iban 47\u2019 en el cron\u00f3metro cuando Vedelini le tap\u00f3 a Abent\u00edn \u2013 mano a mano \u2013 lo que era el descuento transitorio. M\u00e1s all\u00e1 de la clara ocasi\u00f3n, trabaj\u00f3 mucho para recuperar la pelota y le disput\u00f3 la posesi\u00f3n al conjunto olavarriense.<\/p>\n<p>&nbsp;<\/p>\n<p>Y en esa levantada, Ferro conect\u00f3 el tercero en la cuenta. <strong>Una desatenci\u00f3n defensiva de los de Maxwell deriv\u00f3 la bola en Garro, \u00e9ste asisti\u00f3 a S\u00e1nchez y el azule\u00f1o, que la par\u00f3 con la derecha, defini\u00f3 de zurda al primer palo y venci\u00f3 una vez m\u00e1s la valla de Aranas a los 53\u2019<\/strong>.<\/p>\n<p>&nbsp;<\/p>\n<p><strong>Parec\u00eda suma tranquilidad para el \u201cCarbonero\u201d, pero enseguida contest\u00f3 Balonpi\u00e9 por intermedio de Nicol\u00e1s Sard\u00f3n, quien recibi\u00f3 solo en la puerta del \u00e1rea y remat\u00f3 al primer palo de Vedelini para el 3 \u2013 1 transitorio<\/strong>. Fue una inyecci\u00f3n an\u00edmica para el representante de la Liga de Bol\u00edvar. Es que recobr\u00f3 el protagonismo y pusieron en aprietos a los de Diorio, que rechazaron cada pelota que cay\u00f3 en el recinto. En eso respondi\u00f3 bien el arquero \u201cCarbonero\u201d cada vez que le toc\u00f3 intervenir.<\/p>\n<p>&nbsp;<\/p>\n<p>Pasada la media hora del complemento, Ferro equilibr\u00f3 la balanza y fue aguantando el resultado ayudado tambi\u00e9n con las variantes que ingresaron. Tuvo para liquidarlo a los 76\u2019, pero Ayesa no estuvo fino con la punter\u00eda tras un centro de Ponce.<\/p>\n<p>&nbsp;<\/p>\n<p>Merecido triunfo de Ferro en definitiva y merecida clasificaci\u00f3n a la definici\u00f3n del campeonato (por lo realizado tambi\u00e9n en la ida) siendo, adem\u00e1s, el \u00fanico representante olavarriense en carrera. <strong>Ahora, jugar\u00e1 por el t\u00edtulo contra Boca Juniors de Azul que elimin\u00f3 a Alumni Azule\u00f1o con un global de 6 \u2013 3. La ida ser\u00e1 en la vecina ciudad y la revancha en Olavarr\u00eda<\/strong>.<\/p>\n<p>&nbsp;<\/p>\n<p><strong>S\u00edntesis Ferro Carril Sud \u2013 Balonpi\u00e9 (Bol\u00edvar):<\/strong><\/p>\n<p><strong>Ferro (3):<\/strong> Franco Vedelini; Braian Tello, Franco Aguirre, Math\u00edas Buongiorno, Mateo Tamagnini; Joaqu\u00edn Ayesa, Gast\u00f3n Borda, Jonathan Campos (M. Gargaglione); Rodrigo Garro (J. Ponce), Ram\u00f3n S\u00e1nchez (J. Stular) y Yoel Gonz\u00e1lez. DT: Miguel Diorio.<\/p>\n<p><strong>Balonpi\u00e9 (1): <\/strong>Jonatan Aranas; Andy Angerami (A. Fantoni), Mirko Marmouget, Tom\u00e1s Campitelli, Santiago Hern\u00e1ndez; Joaqu\u00edn Jaremko, Agust\u00edn Panaro, Nicol\u00e1s Sard\u00f3n, Facundo Sierra (V. L\u00f3pez); Manuel Abent\u00edn y Facundo Iriarte. DT: Jos\u00e9 Maxwell.<\/p>\n<p><strong>Goles<\/strong>: 4min PT, 25min PT y 8min ST Ram\u00f3n S\u00e1nchez (FCS); 10min ST Nicol\u00e1s Sard\u00f3n (B).<\/p>\n<p><strong>Amonestados<\/strong>: Tamagnini (Ferro); Sierra, Panaro y Campitelli (Balonpi\u00e9)<\/p>\n<p><strong>Expulsados<\/strong>: No hubo.<\/p>\n<p><strong>\u00c1rbitro<\/strong>: Juan Armendano (Laprida). <strong>Estadio<\/strong>: Clemente \u201cTete\u201d Di Carlo.<\/p>\n","protected":false},"excerpt":{"rendered":"<p>El equipo de Miguel Diorio super\u00f3 este domingo a Balonpi\u00e9 de Bol\u00edvar y revirti\u00f3 la serie global tras imponerse 3<\/p>\n","protected":false},"author":96739694,"featured_media":162169,"comment_status":"closed","ping_status":"closed","sticky":false,"template":"","format":"standard","meta":{"_jetpack_memberships_contains_paid_content":false,"footnotes":""},"categories":[35,1,41],"tags":[],"class_list":["post-135918","post","type-post","status-publish","format-standard","has-post-thumbnail","hentry","category-futbol","category-portada","category-primera-y-reserva"],"jetpack_featured_media_url":"https:\/\/i0.wp.com\/cdnoticias.com\/wp-content\/uploads\/2024\/07\/ferro-balonpie-turd-5.jpg?fit=1280%2C853&ssl=1","jetpack_sharing_enabled":true,"_links":{"self":[{"href":"https:\/\/cdnoticias.com\/index.php\/wp-json\/wp\/v2\/posts\/135918","targetHints":{"allow":["GET"]}}],"collection":[{"href":"https:\/\/cdnoticias.com\/index.php\/wp-json\/wp\/v2\/posts"}],"about":[{"href":"https:\/\/cdnoticias.com\/index.php\/wp-json\/wp\/v2\/types\/post"}],"author":[{"embeddable":true,"href":"https:\/\/cdnoticias.com\/index.php\/wp-json\/wp\/v2\/users\/96739694"}],"replies":[{"embeddable":true,"href":"https:\/\/cdnoticias.com\/index.php\/wp-json\/wp\/v2\/comments?post=135918"}],"version-history":[{"count":0,"href":"https:\/\/cdnoticias.com\/index.php\/wp-json\/wp\/v2\/posts\/135918\/revisions"}],"wp:featuredmedia":[{"embeddable":true,"href":"https:\/\/cdnoticias.com\/index.php\/wp-json\/wp\/v2\/media\/162169"}],"wp:attachment":[{"href":"https:\/\/cdnoticias.com\/index.php\/wp-json\/wp\/v2\/media?parent=135918"}],"wp:term":[{"taxonomy":"category","embeddable":true,"href":"https:\/\/cdnoticias.com\/index.php\/wp-json\/wp\/v2\/categories?post=135918"},{"taxonomy":"post_tag","embeddable":true,"href":"https:\/\/cdnoticias.com\/index.php\/wp-json\/wp\/v2\/tags?post=135918"}],"curies":[{"name":"wp","href":"https:\/\/api.w.org\/{rel}","templated":true}]}}