{"id":135906,"date":"2024-07-26T14:58:22","date_gmt":"2024-07-26T17:58:22","guid":{"rendered":"https:\/\/centraldeportes.com.ar\/?p=53580"},"modified":"2025-02-13T21:35:01","modified_gmt":"2025-02-14T00:35:01","slug":"agustina-tarantola-se-consagro-campeona-regional-en-buenos-aires","status":"publish","type":"post","link":"https:\/\/cdnoticias.com\/index.php\/2024\/07\/26\/agustina-tarantola-se-consagro-campeona-regional-en-buenos-aires\/","title":{"rendered":"Agustina Tar\u00e1ntola se consagr\u00f3 campeona Regional en Buenos Aires"},"content":{"rendered":"<p>Durante toda la semana de receso invernal, se llev\u00f3 a cabo el cuarto Regional de Menores de la Regi\u00f3n 8 y Agustina Tar\u00e1ntola se consagr\u00f3 campeona.<!--more--><\/p>\n<hr \/>\n<p>La tenista del Club Estudiantes particip\u00f3, en el Club N\u00e1utico Hacoaj del 4\u00b0 Torneo Regional de la temporada y logr\u00f3 quedarse con el t\u00edtulo en Singles en Sub 14.<\/p>\n<p>&nbsp;<\/p>\n<p>Los resultados finales:<\/p>\n<p>Ronda 1: A Carest\u00eda \u2013 6\/2 y 6\/1<br \/>\nOctavos de final: A Diez \u2013 6\/0 y 6\/0<br \/>\nCuartos de final: A Segovia \u2013 6\/0 y 6\/1<br \/>\nSemifinal: A Finchelstein \u2013 6\/3 y 6\/4<br \/>\nFinal: A Cuoco \u2013 6\/3 y 6\/0<\/p>\n","protected":false},"excerpt":{"rendered":"<p>Durante toda la semana de receso invernal, se llev\u00f3 a cabo el cuarto Regional de Menores de la Regi\u00f3n 8<\/p>\n","protected":false},"author":96739694,"featured_media":162102,"comment_status":"closed","ping_status":"closed","sticky":false,"template":"","format":"standard","meta":{"_jetpack_memberships_contains_paid_content":false,"footnotes":""},"categories":[1,55],"tags":[],"class_list":["post-135906","post","type-post","status-publish","format-standard","has-post-thumbnail","hentry","category-portada","category-tenis-padel"],"jetpack_featured_media_url":"https:\/\/i0.wp.com\/cdnoticias.com\/wp-content\/uploads\/2024\/07\/451736248_1029979829132708_8773039207355559034_n-e1722016684136.jpg?fit=1440%2C859&ssl=1","jetpack_sharing_enabled":true,"_links":{"self":[{"href":"https:\/\/cdnoticias.com\/index.php\/wp-json\/wp\/v2\/posts\/135906","targetHints":{"allow":["GET"]}}],"collection":[{"href":"https:\/\/cdnoticias.com\/index.php\/wp-json\/wp\/v2\/posts"}],"about":[{"href":"https:\/\/cdnoticias.com\/index.php\/wp-json\/wp\/v2\/types\/post"}],"author":[{"embeddable":true,"href":"https:\/\/cdnoticias.com\/index.php\/wp-json\/wp\/v2\/users\/96739694"}],"replies":[{"embeddable":true,"href":"https:\/\/cdnoticias.com\/index.php\/wp-json\/wp\/v2\/comments?post=135906"}],"version-history":[{"count":0,"href":"https:\/\/cdnoticias.com\/index.php\/wp-json\/wp\/v2\/posts\/135906\/revisions"}],"wp:featuredmedia":[{"embeddable":true,"href":"https:\/\/cdnoticias.com\/index.php\/wp-json\/wp\/v2\/media\/162102"}],"wp:attachment":[{"href":"https:\/\/cdnoticias.com\/index.php\/wp-json\/wp\/v2\/media?parent=135906"}],"wp:term":[{"taxonomy":"category","embeddable":true,"href":"https:\/\/cdnoticias.com\/index.php\/wp-json\/wp\/v2\/categories?post=135906"},{"taxonomy":"post_tag","embeddable":true,"href":"https:\/\/cdnoticias.com\/index.php\/wp-json\/wp\/v2\/tags?post=135906"}],"curies":[{"name":"wp","href":"https:\/\/api.w.org\/{rel}","templated":true}]}}