{"id":135897,"date":"2024-07-23T18:11:00","date_gmt":"2024-07-23T21:11:00","guid":{"rendered":"https:\/\/centraldeportes.com.ar\/?p=53555"},"modified":"2025-02-13T21:35:12","modified_gmt":"2025-02-14T00:35:12","slug":"charly-macias-uno-de-los-disertantes-del-ciclo-de-charlas-2024de-coopelectric","status":"publish","type":"post","link":"https:\/\/cdnoticias.com\/index.php\/2024\/07\/23\/charly-macias-uno-de-los-disertantes-del-ciclo-de-charlas-2024de-coopelectric\/","title":{"rendered":"&#8220;Charly&#8221; Mac\u00edas, disertante en el &#8220;Ciclo de charlas 2024&#8243;de Coopelectric"},"content":{"rendered":"<p>En las \u00faltimas horas, desde Coopelectric se difundi\u00f3 una nueva charla de su ciclo anual y enmarcada dentro de la &#8220;Filosof\u00eda del trabajo en equipo y herramientas para liderar&#8221; disertar\u00e1 Marcelo &#8220;Charly&#8221; Mac\u00edas.<!--more--><\/p>\n<hr \/>\n<p>Coopelectric invit\u00f3 a la comunidad a participar de la charla \u201cFilosof\u00eda de trabajo en equipo y herramientas para liderar\u201d. La misma ser\u00e1 dictada por el Profesor Marcelo \u201cCharly\u201d Mac\u00edas en el marco del \u201cCiclo de charlas 2024\u201d y tendr\u00e1 lugar el jueves 25 de julio a las 19:00 hs. en el Sal\u00f3n Audit\u00f3rium de Coopelectric (Belgrano N\u00ba 2850) con entrada libre y gratuita.<\/p>\n<p>&nbsp;<\/p>\n<p>A trav\u00e9s de su vasta trayectoria como entrenador de b\u00e1squet profesional, Marcelo \u201cCharly\u201d Mac\u00edas abordar\u00e1 la filosof\u00eda del trabajo en equipo partiendo del concepto de \u201csaber ser o saber hacer\u201d para luego referirse a la importancia del liderazgo. C\u00f3mo lograr la mejor versi\u00f3n de uno mismo y de los dem\u00e1s, h\u00e1bitos de trabajo altruistas y herramientas para un trabajo eficiente ser\u00e1n los ejes de esta charla que se podr\u00e1n aplicar a todos los \u00e1mbitos de nuestra vida.<\/p>\n<p>&nbsp;<\/p>\n<p>\u201cCharly\u201d Macias es entrenador profesional de b\u00e1squet con experiencia en equipos de Liga Nacional Argentina y Liga Argentina. En dos oportunidades integr\u00f3 el cuerpo t\u00e9cnico de la Selecci\u00f3n de Cuba en torneos preol\u00edmpicos y recientemente se desempe\u00f1\u00f3 en la Liga Nacional de Chile.<\/p>\n","protected":false},"excerpt":{"rendered":"<p>En las \u00faltimas horas, desde Coopelectric se difundi\u00f3 una nueva charla de su ciclo anual y enmarcada dentro de la<\/p>\n","protected":false},"author":96739694,"featured_media":157088,"comment_status":"closed","ping_status":"closed","sticky":false,"template":"","format":"standard","meta":{"_jetpack_memberships_contains_paid_content":false,"footnotes":""},"categories":[31,1],"tags":[],"class_list":["post-135897","post","type-post","status-publish","format-standard","has-post-thumbnail","hentry","category-basquet","category-portada"],"jetpack_featured_media_url":"https:\/\/i0.wp.com\/cdnoticias.com\/wp-content\/uploads\/2023\/08\/Charly-Mac%C3%ADas2.png?fit=1200%2C796&ssl=1","jetpack_sharing_enabled":true,"_links":{"self":[{"href":"https:\/\/cdnoticias.com\/index.php\/wp-json\/wp\/v2\/posts\/135897","targetHints":{"allow":["GET"]}}],"collection":[{"href":"https:\/\/cdnoticias.com\/index.php\/wp-json\/wp\/v2\/posts"}],"about":[{"href":"https:\/\/cdnoticias.com\/index.php\/wp-json\/wp\/v2\/types\/post"}],"author":[{"embeddable":true,"href":"https:\/\/cdnoticias.com\/index.php\/wp-json\/wp\/v2\/users\/96739694"}],"replies":[{"embeddable":true,"href":"https:\/\/cdnoticias.com\/index.php\/wp-json\/wp\/v2\/comments?post=135897"}],"version-history":[{"count":0,"href":"https:\/\/cdnoticias.com\/index.php\/wp-json\/wp\/v2\/posts\/135897\/revisions"}],"wp:featuredmedia":[{"embeddable":true,"href":"https:\/\/cdnoticias.com\/index.php\/wp-json\/wp\/v2\/media\/157088"}],"wp:attachment":[{"href":"https:\/\/cdnoticias.com\/index.php\/wp-json\/wp\/v2\/media?parent=135897"}],"wp:term":[{"taxonomy":"category","embeddable":true,"href":"https:\/\/cdnoticias.com\/index.php\/wp-json\/wp\/v2\/categories?post=135897"},{"taxonomy":"post_tag","embeddable":true,"href":"https:\/\/cdnoticias.com\/index.php\/wp-json\/wp\/v2\/tags?post=135897"}],"curies":[{"name":"wp","href":"https:\/\/api.w.org\/{rel}","templated":true}]}}