{"id":135874,"date":"2024-07-17T22:34:57","date_gmt":"2024-07-18T01:34:57","guid":{"rendered":"https:\/\/centraldeportes.com.ar\/?p=53360"},"modified":"2025-02-13T21:33:46","modified_gmt":"2025-02-14T00:33:46","slug":"ciclismo-en-la-bota-buen-numero-de-deportistas-en-el-regreso-de-los-festivales","status":"publish","type":"post","link":"https:\/\/cdnoticias.com\/index.php\/2024\/07\/17\/ciclismo-en-la-bota-buen-numero-de-deportistas-en-el-regreso-de-los-festivales\/","title":{"rendered":"Ciclismo en La Bota: buen n\u00famero de deportistas en el regreso de los festivales"},"content":{"rendered":"<p>El pasado domingo y con la organizaci\u00f3n de la agrupaci\u00f3n Ciclismo Olavarriense Libre, volvi\u00f3 el ciclismo al circuito del Club Estudiantes.<!--more--><\/p>\n<hr \/>\n<p>En La Bota y ante un buen n\u00famero de ciclistas hubo competencias para varias categor\u00edas durante la extensa jornada y en las categor\u00edas principales ganaron Claudio Mart\u00ednez y Tania Ponce de Le\u00f3n.<\/p>\n<p>&nbsp;<\/p>\n<p>Los resultados:<\/p>\n<p>M\u00e1ster D:<br \/>\n1\u00b0 Carlos Tolosa<br \/>\n2\u00b0 Miguel D\u00edaz<br \/>\n3\u00b0 Tania Ponce de Le\u00f3n<\/p>\n<p>Damas:<br \/>\n1\u00b0 Tania Ponce de Le\u00f3n<br \/>\n2\u00b0 Selva Pagano<br \/>\n3\u00b0 Luj\u00e1n Barra<\/p>\n<p>+40:<br \/>\n1\u00b0 Gast\u00f3n Posse<br \/>\n2\u00b0 Rub\u00e9n Rodr\u00edguez<br \/>\n3\u00b0 Sergio Agapito<\/p>\n<p>-40:<br \/>\n1\u00b0 Gabriel Acevedo<br \/>\n2\u00b0Joaqu\u00edn Garc\u00eda<br \/>\n3\u00b0 Alan Mart\u00ednez<\/p>\n<p>M\u00e1ster C y B2:<br \/>\n1\u00b0 Eduardo Leguizam\u00f3n<br \/>\n2\u00b0 Sergio Hern\u00e1ndez<br \/>\n3\u00b0 Julio Astrada<\/p>\n<p>Libres y B1:<br \/>\n1\u00b0 Claudio Mart\u00ednez<br \/>\n2\u00b0 Federico G\u00f3mez<br \/>\n3\u00b0 Santiago Rold\u00e1n<\/p>\n<p>M\u00e1ster B1:<br \/>\n1\u00b0 Claudio Mart\u00ednez<br \/>\n2\u00b0 Federico G\u00f3mez<br \/>\n3\u00b0 Esteban Rold\u00e1n<\/p>\n<p>&nbsp;<\/p>\n","protected":false},"excerpt":{"rendered":"<p>El pasado domingo y con la organizaci\u00f3n de la agrupaci\u00f3n Ciclismo Olavarriense Libre, volvi\u00f3 el ciclismo al circuito del Club<\/p>\n","protected":false},"author":96739694,"featured_media":162066,"comment_status":"closed","ping_status":"closed","sticky":false,"template":"","format":"standard","meta":{"_jetpack_memberships_contains_paid_content":false,"footnotes":""},"categories":[30,1],"tags":[],"class_list":["post-135874","post","type-post","status-publish","format-standard","has-post-thumbnail","hentry","category-polideportivo","category-portada"],"jetpack_featured_media_url":"https:\/\/i0.wp.com\/cdnoticias.com\/wp-content\/uploads\/2024\/07\/ciclismo.jpg?fit=800%2C445&ssl=1","jetpack_sharing_enabled":true,"_links":{"self":[{"href":"https:\/\/cdnoticias.com\/index.php\/wp-json\/wp\/v2\/posts\/135874","targetHints":{"allow":["GET"]}}],"collection":[{"href":"https:\/\/cdnoticias.com\/index.php\/wp-json\/wp\/v2\/posts"}],"about":[{"href":"https:\/\/cdnoticias.com\/index.php\/wp-json\/wp\/v2\/types\/post"}],"author":[{"embeddable":true,"href":"https:\/\/cdnoticias.com\/index.php\/wp-json\/wp\/v2\/users\/96739694"}],"replies":[{"embeddable":true,"href":"https:\/\/cdnoticias.com\/index.php\/wp-json\/wp\/v2\/comments?post=135874"}],"version-history":[{"count":0,"href":"https:\/\/cdnoticias.com\/index.php\/wp-json\/wp\/v2\/posts\/135874\/revisions"}],"wp:featuredmedia":[{"embeddable":true,"href":"https:\/\/cdnoticias.com\/index.php\/wp-json\/wp\/v2\/media\/162066"}],"wp:attachment":[{"href":"https:\/\/cdnoticias.com\/index.php\/wp-json\/wp\/v2\/media?parent=135874"}],"wp:term":[{"taxonomy":"category","embeddable":true,"href":"https:\/\/cdnoticias.com\/index.php\/wp-json\/wp\/v2\/categories?post=135874"},{"taxonomy":"post_tag","embeddable":true,"href":"https:\/\/cdnoticias.com\/index.php\/wp-json\/wp\/v2\/tags?post=135874"}],"curies":[{"name":"wp","href":"https:\/\/api.w.org\/{rel}","templated":true}]}}