{"id":135870,"date":"2024-07-17T15:04:13","date_gmt":"2024-07-17T18:04:13","guid":{"rendered":"https:\/\/centraldeportes.com.ar\/?p=53340"},"modified":"2025-02-13T21:33:50","modified_gmt":"2025-02-14T00:33:50","slug":"se-completo-una-nueva-edicion-del-tradicional-minigym","status":"publish","type":"post","link":"https:\/\/cdnoticias.com\/index.php\/2024\/07\/17\/se-completo-una-nueva-edicion-del-tradicional-minigym\/","title":{"rendered":"Se complet\u00f3 una nueva edici\u00f3n del tradicional Minigym"},"content":{"rendered":"<p>Durante la tarde del \u00faltimo s\u00e1bado una verdadera fiesta de color, diversi\u00f3n y tambi\u00e9n emoci\u00f3n se disfrut\u00f3 de una nueva edici\u00f3n del Minigym, <!--more--><\/p>\n<hr \/>\n<p>En el Maxigimnasio del Club Estudiantes, dando inicio despu\u00e9s de las 14:00 y con una multitud que pobl\u00f3 las gradas se realiz\u00f3 el tradicional evento que adem\u00e1s tiene un fin solidario, en esta oportunidad a\u00a0total beneficio del Grupo Ilusiones. El valor de la entrada fue un alimento no perecedero o art\u00edculos de higiene personal, que se reunieron en gran n\u00famero y ser\u00e1n entregados pr\u00f3ximamente.<\/p>\n<p>&nbsp;<\/p>\n<p>Alrededor de un centenar de chicos y chicas de entre 3 y 12 a\u00f1os, quienes representaron clubes, instituciones e inclusive programas municipales, tuvieron la posibilidad de mostrar lo ensayado durante los \u00faltimos meses a trav\u00e9s de rutinas y coreograf\u00edas de gimnasia y baile, que se caracterizaron por el color y diversi\u00f3n presentada.<\/p>\n<p>&nbsp;<\/p>\n\n<p>&nbsp;<\/p>\n<p>Se cont\u00f3 adem\u00e1s con la presencia del intendente Maximiliano Wesner, junto al secretario de Desarrollo de la Comunidad Cristian Delpiani, el subsecretario de Deportes Juan Pablo Arouxet y funcionarios del Municipio, que celebraron la realizaci\u00f3n de este tipo de eventos, para el disfrute de toda la familia pero tambi\u00e9n como espacio de diversi\u00f3n y formaci\u00f3n de ni\u00f1os y ni\u00f1as.<\/p>\n","protected":false},"excerpt":{"rendered":"<p>Durante la tarde del \u00faltimo s\u00e1bado una verdadera fiesta de color, diversi\u00f3n y tambi\u00e9n emoci\u00f3n se disfrut\u00f3 de una nueva<\/p>\n","protected":false},"author":96739694,"featured_media":162074,"comment_status":"closed","ping_status":"closed","sticky":false,"template":"","format":"standard","meta":{"_jetpack_memberships_contains_paid_content":false,"footnotes":""},"categories":[30,1],"tags":[],"class_list":["post-135870","post","type-post","status-publish","format-standard","has-post-thumbnail","hentry","category-polideportivo","category-portada"],"jetpack_featured_media_url":"https:\/\/i0.wp.com\/cdnoticias.com\/wp-content\/uploads\/2024\/07\/Deportes-Mini-Gym-4-scaled-1.jpg?fit=2560%2C1696&ssl=1","jetpack_sharing_enabled":true,"_links":{"self":[{"href":"https:\/\/cdnoticias.com\/index.php\/wp-json\/wp\/v2\/posts\/135870","targetHints":{"allow":["GET"]}}],"collection":[{"href":"https:\/\/cdnoticias.com\/index.php\/wp-json\/wp\/v2\/posts"}],"about":[{"href":"https:\/\/cdnoticias.com\/index.php\/wp-json\/wp\/v2\/types\/post"}],"author":[{"embeddable":true,"href":"https:\/\/cdnoticias.com\/index.php\/wp-json\/wp\/v2\/users\/96739694"}],"replies":[{"embeddable":true,"href":"https:\/\/cdnoticias.com\/index.php\/wp-json\/wp\/v2\/comments?post=135870"}],"version-history":[{"count":0,"href":"https:\/\/cdnoticias.com\/index.php\/wp-json\/wp\/v2\/posts\/135870\/revisions"}],"wp:featuredmedia":[{"embeddable":true,"href":"https:\/\/cdnoticias.com\/index.php\/wp-json\/wp\/v2\/media\/162074"}],"wp:attachment":[{"href":"https:\/\/cdnoticias.com\/index.php\/wp-json\/wp\/v2\/media?parent=135870"}],"wp:term":[{"taxonomy":"category","embeddable":true,"href":"https:\/\/cdnoticias.com\/index.php\/wp-json\/wp\/v2\/categories?post=135870"},{"taxonomy":"post_tag","embeddable":true,"href":"https:\/\/cdnoticias.com\/index.php\/wp-json\/wp\/v2\/tags?post=135870"}],"curies":[{"name":"wp","href":"https:\/\/api.w.org\/{rel}","templated":true}]}}