{"id":135867,"date":"2024-07-16T19:42:46","date_gmt":"2024-07-16T22:42:46","guid":{"rendered":"https:\/\/centraldeportes.com.ar\/?p=53327"},"modified":"2025-02-13T21:32:25","modified_gmt":"2025-02-14T00:32:25","slug":"facundo-wiechniak-tuvo-su-primera-titularidad-en-mitre","status":"publish","type":"post","link":"https:\/\/cdnoticias.com\/index.php\/2024\/07\/16\/facundo-wiechniak-tuvo-su-primera-titularidad-en-mitre\/","title":{"rendered":"Facundo Wiechniak tuvo su primera titularidad en Mitre"},"content":{"rendered":"<p>Fue en la victoria por la m\u00ednima diferencia del elenco santiague\u00f1o ante Defensores Unidos de Z\u00e1rate. Adem\u00e1s, la fecha 24 cont\u00f3 con las presencias de Pietrobono, Battigelli y Guille.<!--more--><\/p>\n<hr \/>\n<p>Una nueva titularidad \u2013 la que faltaba \u2013 se sum\u00f3 a las p\u00e1ginas de los representantes olavarrienses que militan esta temporada en la <strong>Primera Nacional<\/strong>. Se trata de <strong>Facundo Wiechniak<\/strong>, quien fue de la partida en la victoria de <strong>Mitre<\/strong> 1 a 0 sobre Defensores Unidos de Z\u00e1rate por la 24\u00b0 fecha del campeonato.<\/p>\n<p>&nbsp;<\/p>\n<p><strong>Un cambio por lesi\u00f3n en el once inicial en el calentamiento previo al partido, oblig\u00f3 a Mario Sciacqua a optar por el ex Embajadores que, adem\u00e1s de jugar todo el encuentro, lo hizo con una \u00f3ptima actuaci\u00f3n.<\/strong><\/p>\n<p>&nbsp;<\/p>\n<p>Esta jornada, tambi\u00e9n estuvo desde el arranque <strong>Ignacio Pietrobono<\/strong> defendiendo el arco de <strong>Defensores de Belgrano<\/strong>. En el Alfredo Beranger, el \u201cDrag\u00f3n\u201d igual\u00f3 0 a 0 con Temperley y acarre\u00f3 su tercer empate al hilo.<\/p>\n<p>&nbsp;<\/p>\n\n<p>&nbsp;<\/p>\n<p>Por otro lado, en Paran\u00e1, <strong>Col\u00f3n<\/strong> volvi\u00f3 a tropezar y sum\u00f3 su quinto partido sin sumar de a tres. El \u201cSabalero\u201d cay\u00f3 1 a 0 frente a Patronato, con la participaci\u00f3n de <strong>Braian Guille<\/strong>, quien comenz\u00f3 el duelo en el banco de suplentes e ingres\u00f3 a los 72\u2019 por Cristian Bernardi.<\/p>\n<p>&nbsp;<\/p>\n<p>La misma suerte corri\u00f3 <strong>San Miguel<\/strong> en la Ciudadela luego de perder 1 a 0 frente a San Mart\u00edn de Tucum\u00e1n, el escolta de la Zona A. All\u00ed, <strong>Carlos Battigelli<\/strong> integr\u00f3 la n\u00f3mina de suplentes y tuvo su chance en el entretiempo, donde salt\u00f3 al campo en lugar de Peter Grance.<\/p>\n<p>&nbsp;<\/p>\n<p><em><strong>Foto: Club Atl\u00e9tico Mitre.<\/strong><\/em><\/p>\n","protected":false},"excerpt":{"rendered":"<p>Fue en la victoria por la m\u00ednima diferencia del elenco santiague\u00f1o ante Defensores Unidos de Z\u00e1rate. Adem\u00e1s, la fecha 24<\/p>\n","protected":false},"author":96739694,"featured_media":161964,"comment_status":"closed","ping_status":"closed","sticky":false,"template":"","format":"standard","meta":{"_jetpack_memberships_contains_paid_content":false,"footnotes":""},"categories":[37,1],"tags":[],"class_list":["post-135867","post","type-post","status-publish","format-standard","has-post-thumbnail","hentry","category-futbol-profesional","category-portada"],"jetpack_featured_media_url":"https:\/\/i0.wp.com\/cdnoticias.com\/wp-content\/uploads\/2024\/07\/Wiechniak-Mitre-Primera-Nacional-Fecha-24-e1721169757643.jpg?fit=1000%2C566&ssl=1","jetpack_sharing_enabled":true,"_links":{"self":[{"href":"https:\/\/cdnoticias.com\/index.php\/wp-json\/wp\/v2\/posts\/135867","targetHints":{"allow":["GET"]}}],"collection":[{"href":"https:\/\/cdnoticias.com\/index.php\/wp-json\/wp\/v2\/posts"}],"about":[{"href":"https:\/\/cdnoticias.com\/index.php\/wp-json\/wp\/v2\/types\/post"}],"author":[{"embeddable":true,"href":"https:\/\/cdnoticias.com\/index.php\/wp-json\/wp\/v2\/users\/96739694"}],"replies":[{"embeddable":true,"href":"https:\/\/cdnoticias.com\/index.php\/wp-json\/wp\/v2\/comments?post=135867"}],"version-history":[{"count":0,"href":"https:\/\/cdnoticias.com\/index.php\/wp-json\/wp\/v2\/posts\/135867\/revisions"}],"wp:featuredmedia":[{"embeddable":true,"href":"https:\/\/cdnoticias.com\/index.php\/wp-json\/wp\/v2\/media\/161964"}],"wp:attachment":[{"href":"https:\/\/cdnoticias.com\/index.php\/wp-json\/wp\/v2\/media?parent=135867"}],"wp:term":[{"taxonomy":"category","embeddable":true,"href":"https:\/\/cdnoticias.com\/index.php\/wp-json\/wp\/v2\/categories?post=135867"},{"taxonomy":"post_tag","embeddable":true,"href":"https:\/\/cdnoticias.com\/index.php\/wp-json\/wp\/v2\/tags?post=135867"}],"curies":[{"name":"wp","href":"https:\/\/api.w.org\/{rel}","templated":true}]}}