{"id":135860,"date":"2024-07-15T10:14:01","date_gmt":"2024-07-15T13:14:01","guid":{"rendered":"https:\/\/centraldeportes.com.ar\/?p=53294"},"modified":"2025-02-13T21:32:35","modified_gmt":"2025-02-14T00:32:35","slug":"racing-no-pudo-en-azul-y-se-despidio-del-interligas","status":"publish","type":"post","link":"https:\/\/cdnoticias.com\/index.php\/2024\/07\/15\/racing-no-pudo-en-azul-y-se-despidio-del-interligas\/","title":{"rendered":"Racing no pudo en Azul y se despidi\u00f3 del Interligas"},"content":{"rendered":"<p>El conjunto \u201cChaira\u201d cay\u00f3 1 \u2013 0 ante Alumni Azule\u00f1o por la revancha de los cuartos de final. Adem\u00e1s, clasificaron Boca Juniors y Balonpi\u00e9 de Bol\u00edvar.<!--more--><\/p>\n<hr \/>\n<p>El Torneo que organiza la <strong>Uni\u00f3n Deportiva Regional<\/strong> ya tiene a los cuatro semifinalistas que ir\u00e1n por el t\u00edtulo y los dos boletos al pr\u00f3ximo Torneo Regional Amateur. <strong>Solo queda un representante olavarriense en carrera<\/strong>.<\/p>\n<p>&nbsp;<\/p>\n<p>Tras el empate de la ida, <strong>Racing<\/strong> viaj\u00f3 al Emilio S. Puente con la esperanza de llevarse la clasificaci\u00f3n, pero se encontr\u00f3 con un tempranero gol en contra y no pudo revertir la situaci\u00f3n ante el <strong>campe\u00f3n de la Liga de Azul<\/strong>.<\/p>\n<p>&nbsp;<\/p>\n<p>Por su parte, <strong>Ferro<\/strong>, que la pas\u00f3 mal en el arranque del partido, empat\u00f3 en dos goles con <strong>Chacarita de Azul<\/strong> y clasific\u00f3 a semis producto de la serie global a su favor.<\/p>\n<p>&nbsp;<\/p>\n<p>En los dem\u00e1s cruces, la revelaci\u00f3n del certamen, <strong>Boca Juniors<\/strong>, elimin\u00f3 en los penales a <strong>Bull Dog de Daireaux<\/strong>, mientras que <strong>Balonpi\u00e9<\/strong> se meti\u00f3 entre los cuatro mejores equipos tras igualar frente a <strong>Racing de La Madrid<\/strong>.<\/p>\n<p>&nbsp;<\/p>\n\n<p>&nbsp;<\/p>\n<ul>\n<li>\n<h6><strong>Resultados \u2013 Cuartos de final (Vuelta):<\/strong><\/h6>\n<\/li>\n<\/ul>\n<p>&nbsp;<\/p>\n<p><strong>Bull Dog<\/strong> (Rafael Caba\u00f1as y Tob\u00edas Trejo)<strong> 2 \u2013 2 Boca Juniors<\/strong> (Renzo Cordero e\/c y Lucas Iztueta) \/\/ <strong>Global: 3 \u2013 3 (Gan\u00f3 Boca Juniors 4 \u2013 2 en los penales).<\/strong><\/p>\n<p><strong>Alumni Azule\u00f1o<\/strong> (Franco Vignale) <strong>1 \u2013 0 Racing (Olavarr\u00eda)<\/strong> \/\/<strong> Global: 3 \u2013 2.<\/strong><\/p>\n<p><a href=\"https:\/\/cdnoticias.com\/ferro-es-semifinalista-del-torneo-union-deportiva-regional\/\"><strong>Ferro Carril Sud<\/strong> (Mateo Tamagnini y Joaqu\u00edn Ayesa)<strong> 2 \u2013 2 Chacarita<\/strong> (Agust\u00edn Mont y Mat\u00edas Palermo) \/\/ <strong>Global: 5 \u2013 3.<\/strong><\/a><\/p>\n<p><strong>Racing (La Madrid)<\/strong> (Francisco G\u00f3mez y Dylan Arce) <strong>2 \u2013 2 Balonpi\u00e9<\/strong> (Manuel Abent\u00edn y Agust\u00edn Panaro) \/\/ <strong>Global: 3 \u2013 4.<\/strong><\/p>\n<hr \/>\n<ul>\n<li>\n<h6><strong>Semifinales (Ida):<\/strong><\/h6>\n<\/li>\n<\/ul>\n<p>Boca Juniors \u2013 Alumni Azule\u00f1o<\/p>\n<p>Balonpi\u00e9 \u2013 Ferro Carril Sud<\/p>\n<p>&nbsp;<\/p>\n<p><em><strong>Foto: InfoChaira.<\/strong><\/em><\/p>\n","protected":false},"excerpt":{"rendered":"<p>El conjunto \u201cChaira\u201d cay\u00f3 1 \u2013 0 ante Alumni Azule\u00f1o por la revancha de los cuartos de final. Adem\u00e1s, clasificaron<\/p>\n","protected":false},"author":96739694,"featured_media":161980,"comment_status":"closed","ping_status":"closed","sticky":false,"template":"","format":"standard","meta":{"_jetpack_memberships_contains_paid_content":false,"footnotes":""},"categories":[35,1,41],"tags":[],"class_list":["post-135860","post","type-post","status-publish","format-standard","has-post-thumbnail","hentry","category-futbol","category-portada","category-primera-y-reserva"],"jetpack_featured_media_url":"https:\/\/i0.wp.com\/cdnoticias.com\/wp-content\/uploads\/2024\/07\/TUDR-Alumni-vs-Racing-vuelta-Cuartos.jpeg?fit=1000%2C666&ssl=1","jetpack_sharing_enabled":true,"_links":{"self":[{"href":"https:\/\/cdnoticias.com\/index.php\/wp-json\/wp\/v2\/posts\/135860","targetHints":{"allow":["GET"]}}],"collection":[{"href":"https:\/\/cdnoticias.com\/index.php\/wp-json\/wp\/v2\/posts"}],"about":[{"href":"https:\/\/cdnoticias.com\/index.php\/wp-json\/wp\/v2\/types\/post"}],"author":[{"embeddable":true,"href":"https:\/\/cdnoticias.com\/index.php\/wp-json\/wp\/v2\/users\/96739694"}],"replies":[{"embeddable":true,"href":"https:\/\/cdnoticias.com\/index.php\/wp-json\/wp\/v2\/comments?post=135860"}],"version-history":[{"count":0,"href":"https:\/\/cdnoticias.com\/index.php\/wp-json\/wp\/v2\/posts\/135860\/revisions"}],"wp:featuredmedia":[{"embeddable":true,"href":"https:\/\/cdnoticias.com\/index.php\/wp-json\/wp\/v2\/media\/161980"}],"wp:attachment":[{"href":"https:\/\/cdnoticias.com\/index.php\/wp-json\/wp\/v2\/media?parent=135860"}],"wp:term":[{"taxonomy":"category","embeddable":true,"href":"https:\/\/cdnoticias.com\/index.php\/wp-json\/wp\/v2\/categories?post=135860"},{"taxonomy":"post_tag","embeddable":true,"href":"https:\/\/cdnoticias.com\/index.php\/wp-json\/wp\/v2\/tags?post=135860"}],"curies":[{"name":"wp","href":"https:\/\/api.w.org\/{rel}","templated":true}]}}