{"id":135856,"date":"2024-07-14T15:58:31","date_gmt":"2024-07-14T18:58:31","guid":{"rendered":"https:\/\/centraldeportes.com.ar\/?p=53266"},"modified":"2024-07-14T15:58:31","modified_gmt":"2024-07-14T18:58:31","slug":"esta-vez-chingotto-y-galan-quedaron-al-margen-del-titulo-2","status":"publish","type":"post","link":"https:\/\/cdnoticias.com\/index.php\/2024\/07\/14\/esta-vez-chingotto-y-galan-quedaron-al-margen-del-titulo-2\/","title":{"rendered":"Esta vez, Chingotto y Gal\u00e1n quedaron al margen del t\u00edtulo"},"content":{"rendered":"<p>El \u201ccl\u00e1sico\u201d de la temporada en M\u00e1laga fue para Tapia \u2013 Coello, quienes vencieron por 6 \u2013 2 y 6 \u2013 4 a la \u201cChingal\u00e1n\u201d en la definici\u00f3n del certamen Premier Padel.<!--more--><\/p>\n<hr \/>\n<p>Esquiva le fue la tercera corona consecutiva a <strong>\u201cFede\u201d Chingotto y Ale Gal\u00e1n<\/strong> que, en la final del <strong>Premier Padel P1 de M\u00e1laga<\/strong>, se vieron superados este domingo ante <strong>Agust\u00edn Tapia y Arturo Coello<\/strong>.<\/p>\n<p>&nbsp;<\/p>\n<p>Si, nuevamente la pareja n\u00famero uno del Ranking FIP fue el rival a batir para la \u201cChingal\u00e1n\u201d. <strong>Desde que unieron fuerzas, se enfrentaron en nueve definiciones al hilo: cinco ganaron y las restantes fueron derrotas<\/strong>.<\/p>\n<p>&nbsp;<\/p>\n<p>Distinta a la final de G\u00e9nova, el \u201cMozart\u201d de Catamarca \u2013 MVP del partido \u2013 y el oriundo de Valladolid jugaron un s\u00f3lido partido. <strong>Le fue imposible a Chingotto y Gal\u00e1n aprovechar los escasos puntos de quiebre y cayeron 6 \u2013 2 y 6 \u2013 4 en la alfombra central<\/strong>.<\/p>\n<p>&nbsp;<\/p>\n<p><img data-recalc-dims=\"1\" loading=\"lazy\" decoding=\"async\" class=\"aligncenter size-full wp-image-53268\" src=\"https:\/\/i0.wp.com\/centraldeportes.com.ar\/wp-content\/uploads\/2024\/07\/Chingotto-y-Galan-P1-de-Malaga-Final-e1720983457369.jpg?resize=798%2C460&#038;ssl=1\" alt=\"\" width=\"798\" height=\"460\" \/><\/p>\n<p>&nbsp;<\/p>\n<p>Impasables cada vez que subieron a la red, Coello y Tapia tuvieron un mejor inicio, con dos break point a favor que le permitieron dominar las acciones en el 20&#215;10 a pesar de la leve reacci\u00f3n de la \u201cChingal\u00e1n\u201d, que le cost\u00f3 entrar en partido.<\/p>\n<p>&nbsp;<\/p>\n<p>El segundo set fue de lo m\u00e1s parejo. Cuando estuvieron igualados en tres games, Chingotto y Gal\u00e1n desaprovecharon una de las pocas oportunidades que dejaron sus rivales para sacar la ventaja. Eso los descoloc\u00f3 del cotejo y, del otro lado de la red, apareci\u00f3 lo mejor del \u201cMozart\u201d y la pegada de Coello para cerrar r\u00e1pido el duelo decisivo en terreno andaluz.<\/p>\n<p>&nbsp;<\/p>\n<blockquote class=\"twitter-tweet\" data-width=\"550\" data-dnt=\"true\">\n<p lang=\"en\" dir=\"ltr\">The <a href=\"https:\/\/twitter.com\/hashtag\/MalagaPremierPadelP1?src=hash&amp;ref_src=twsrc%5Etfw\">#MalagaPremierPadelP1<\/a> Finalists ?\u2728<\/p>\n<p>? <a href=\"https:\/\/twitter.com\/alegalan96?ref_src=twsrc%5Etfw\">@alegalan96<\/a> <a href=\"https:\/\/twitter.com\/Chingoland_?ref_src=twsrc%5Etfw\">@Chingoland_<\/a><br \/>? <a href=\"https:\/\/twitter.com\/gemmatriay?ref_src=twsrc%5Etfw\">@gemmatriay<\/a> <a href=\"https:\/\/twitter.com\/hashtag\/ClaudiaFernandez?src=hash&amp;ref_src=twsrc%5Etfw\">#ClaudiaFernandez<\/a><a href=\"https:\/\/twitter.com\/hashtag\/PremierPadel?src=hash&amp;ref_src=twsrc%5Etfw\">#PremierPadel<\/a> <a href=\"https:\/\/t.co\/hnLgJ6018w\">pic.twitter.com\/hnLgJ6018w<\/a><\/p>\n<p>&mdash; Premier Padel (@premierpadel) <a href=\"https:\/\/twitter.com\/premierpadel\/status\/1812556569709805979?ref_src=twsrc%5Etfw\">July 14, 2024<\/a><\/p><\/blockquote>\n<p><script async src=\"https:\/\/platform.twitter.com\/widgets.js\" charset=\"utf-8\"><\/script><\/p>\n<p>&nbsp;<\/p>\n<p><strong>Con un par de semanas para recargar energ\u00edas, el olavarriense y el madrile\u00f1o estar\u00e1n ausentes en el P2 de Finlandia y volver\u00e1n a las pistas en el P1 de Madrid, que se disputar\u00e1 a finales de agosto.<\/strong><\/p>\n<p>&nbsp;<\/p>\n<p><em><strong>Fotos: Premier Padel.<\/strong><\/em><\/p>\n","protected":false},"excerpt":{"rendered":"<p>El \u201ccl\u00e1sico\u201d de la temporada en M\u00e1laga fue para Tapia \u2013 Coello, quienes vencieron por 6 \u2013 2 y 6<\/p>\n","protected":false},"author":96739695,"featured_media":53267,"comment_status":"closed","ping_status":"closed","sticky":false,"template":"","format":"standard","meta":{"_jetpack_memberships_contains_paid_content":false,"footnotes":""},"categories":[1,55],"tags":[],"class_list":["post-135856","post","type-post","status-publish","format-standard","has-post-thumbnail","hentry","category-portada","category-tenis-padel"],"jetpack_featured_media_url":"","jetpack_sharing_enabled":true,"_links":{"self":[{"href":"https:\/\/cdnoticias.com\/index.php\/wp-json\/wp\/v2\/posts\/135856","targetHints":{"allow":["GET"]}}],"collection":[{"href":"https:\/\/cdnoticias.com\/index.php\/wp-json\/wp\/v2\/posts"}],"about":[{"href":"https:\/\/cdnoticias.com\/index.php\/wp-json\/wp\/v2\/types\/post"}],"author":[{"embeddable":true,"href":"https:\/\/cdnoticias.com\/index.php\/wp-json\/wp\/v2\/users\/96739695"}],"replies":[{"embeddable":true,"href":"https:\/\/cdnoticias.com\/index.php\/wp-json\/wp\/v2\/comments?post=135856"}],"version-history":[{"count":0,"href":"https:\/\/cdnoticias.com\/index.php\/wp-json\/wp\/v2\/posts\/135856\/revisions"}],"wp:featuredmedia":[{"embeddable":true,"href":"https:\/\/cdnoticias.com\/index.php\/wp-json\/wp\/v2\/posts\/53267"}],"wp:attachment":[{"href":"https:\/\/cdnoticias.com\/index.php\/wp-json\/wp\/v2\/media?parent=135856"}],"wp:term":[{"taxonomy":"category","embeddable":true,"href":"https:\/\/cdnoticias.com\/index.php\/wp-json\/wp\/v2\/categories?post=135856"},{"taxonomy":"post_tag","embeddable":true,"href":"https:\/\/cdnoticias.com\/index.php\/wp-json\/wp\/v2\/tags?post=135856"}],"curies":[{"name":"wp","href":"https:\/\/api.w.org\/{rel}","templated":true}]}}