{"id":135846,"date":"2024-07-13T17:21:10","date_gmt":"2024-07-13T20:21:10","guid":{"rendered":"https:\/\/centraldeportes.com.ar\/?p=53210"},"modified":"2025-02-13T21:32:54","modified_gmt":"2025-02-14T00:32:54","slug":"liga-federal-centenario-gano-y-forzo-el-tercer-partido","status":"publish","type":"post","link":"https:\/\/cdnoticias.com\/index.php\/2024\/07\/13\/liga-federal-centenario-gano-y-forzo-el-tercer-partido\/","title":{"rendered":"Liga Federal: Centenario gan\u00f3 y forz\u00f3 el tercer partido"},"content":{"rendered":"<p>La Liga Federal deber\u00e1 esperar para conocer el campe\u00f3n de la edici\u00f3n 2024, porque en el primer partido en Venado Tuerto, Centenario logr\u00f3 el triunfo que necesitaba para igualar la serie. Nuevamente hubo buenas actuaciones para los deportistas olavarrienses.<!--more--><\/p>\n<hr \/>\n<p>Centenario se qued\u00f3 con el segundo punto de las Finales ante El Talar, 85 a 76. Con una gran actuaci\u00f3n de Juan Segundo Menna, aportando 26 puntos, 7 rebotes y 9 asistencias. Con este resultado, los oriundos de Venado Tuerto, lograron estirar la serie a un tercer partido a disputarse en el mismo escenario.<\/p>\n<p>&nbsp;<\/p>\n<p>El arranque del partido vio a Centenario imponer su defensa y conseguir una ventaja inicial de 6-0. Con desprolijidades en el juego para ambos equipos, Menna estir\u00f3 la diferencia 20-9, marcando la m\u00e1xima ventaja en el primer cuarto, que finaliz\u00f3 20-12 a favor de los venadenses.<\/p>\n<p>&nbsp;<\/p>\n<p>Los siguientes diez minutos fueron mucho m\u00e1s re\u00f1idos. El Talar respondi\u00f3 con determinaci\u00f3n y recort\u00f3 distancias gracias a una seguidilla de triples, que redujeron la diferencia a un punto y Mat\u00edas Cuello, con una notable actuaci\u00f3n para pasar al frente en el marcador 25-27. Cabe destacar adem\u00e1s, un gran parcial 18-2 por parte de la visita, que finaliz\u00f3 el primer tiempo 35-37 a su favor.<\/p>\n<p>&nbsp;<\/p>\n<p>El tercer cuarto fue una muestra de paridad entre ambos equipos, demostrando que fueron los mejores de la temporada. Grunale abri\u00f3 la lluvia de triples que caracteriz\u00f3 este manojo de minutos para que Centenario tome la delantera.<\/p>\n<p>&nbsp;<\/p>\n<p>Poca fue la espera para que El Talar respondiera con tiros de tres puntos de parte de Terrera y Macrini, igualando el marcador. Un tiempo muerto solicitado por El Talar no fren\u00f3 el \u00edmpetu local que encontr\u00f3 su ritmo y, liderado por Nicol\u00e1s Gim\u00e9nez y la efectiva organizaci\u00f3n de juego de Menna, lograron cerrar el segmento con ventaja de 60-53.<\/p>\n<p>&nbsp;<\/p>\n<p>En los \u00faltimos minutos del juego, volvieron las imprecisiones, pero fue Centenario qui\u00e9n ahora s\u00ed, logr\u00f3 mantener una leve ventaja. Menna, el capit\u00e1n y destacado del encuentro, cerr\u00f3 el cotejo con un triple y doble consecutivos, llevando la diferencia 85-76 y cerrando as\u00ed el marcador.<\/p>\n<p>&nbsp;<\/p>\n<p>De esta manera, la serie qued\u00f3 igualada entre los dirigidos por Aguilar y los comandados por Genovese, que volver\u00e1n a encontrarse en la noche del s\u00e1bado desde las 21:00 en el Mateo Migliore, con el objetivo de campeonar la presente edici\u00f3n de La Liga Federal.<\/p>\n","protected":false},"excerpt":{"rendered":"<p>La Liga Federal deber\u00e1 esperar para conocer el campe\u00f3n de la edici\u00f3n 2024, porque en el primer partido en Venado<\/p>\n","protected":false},"author":96739694,"featured_media":162019,"comment_status":"closed","ping_status":"closed","sticky":false,"template":"","format":"standard","meta":{"_jetpack_memberships_contains_paid_content":false,"footnotes":""},"categories":[31,1,57],"tags":[],"class_list":["post-135846","post","type-post","status-publish","format-standard","has-post-thumbnail","hentry","category-basquet","category-portada","category-torneo-federal"],"jetpack_featured_media_url":"https:\/\/i0.wp.com\/cdnoticias.com\/wp-content\/uploads\/2024\/07\/DSC_1070-e1720902663895.jpeg?fit=1620%2C872&ssl=1","jetpack_sharing_enabled":true,"_links":{"self":[{"href":"https:\/\/cdnoticias.com\/index.php\/wp-json\/wp\/v2\/posts\/135846","targetHints":{"allow":["GET"]}}],"collection":[{"href":"https:\/\/cdnoticias.com\/index.php\/wp-json\/wp\/v2\/posts"}],"about":[{"href":"https:\/\/cdnoticias.com\/index.php\/wp-json\/wp\/v2\/types\/post"}],"author":[{"embeddable":true,"href":"https:\/\/cdnoticias.com\/index.php\/wp-json\/wp\/v2\/users\/96739694"}],"replies":[{"embeddable":true,"href":"https:\/\/cdnoticias.com\/index.php\/wp-json\/wp\/v2\/comments?post=135846"}],"version-history":[{"count":0,"href":"https:\/\/cdnoticias.com\/index.php\/wp-json\/wp\/v2\/posts\/135846\/revisions"}],"wp:featuredmedia":[{"embeddable":true,"href":"https:\/\/cdnoticias.com\/index.php\/wp-json\/wp\/v2\/media\/162019"}],"wp:attachment":[{"href":"https:\/\/cdnoticias.com\/index.php\/wp-json\/wp\/v2\/media?parent=135846"}],"wp:term":[{"taxonomy":"category","embeddable":true,"href":"https:\/\/cdnoticias.com\/index.php\/wp-json\/wp\/v2\/categories?post=135846"},{"taxonomy":"post_tag","embeddable":true,"href":"https:\/\/cdnoticias.com\/index.php\/wp-json\/wp\/v2\/tags?post=135846"}],"curies":[{"name":"wp","href":"https:\/\/api.w.org\/{rel}","templated":true}]}}