{"id":135821,"date":"2024-07-09T12:19:18","date_gmt":"2024-07-09T15:19:18","guid":{"rendered":"https:\/\/centraldeportes.com.ar\/?p=53083"},"modified":"2025-02-13T21:32:05","modified_gmt":"2025-02-14T00:32:05","slug":"olavarriense-compitieron-en-el-provincial-de-menores","status":"publish","type":"post","link":"https:\/\/cdnoticias.com\/index.php\/2024\/07\/09\/olavarriense-compitieron-en-el-provincial-de-menores\/","title":{"rendered":"Olavarrienses compitieron en el Provincial de Menores"},"content":{"rendered":"<p>Semanas atr\u00e1s se llev\u00f3 a cabo una nueva edici\u00f3n del Campeonato Provincial de Menores. La competencia se llev\u00f3 a cabo en Las Flores y fue organizada por la Federaci\u00f3n Argentina de P\u00e1del. La delegaci\u00f3n de la ACOP estuvo conformada por 35 chicos y chicas.<!--more--><\/p>\n<hr \/>\n<p>El pasado fin de semana una nutrida delegaci\u00f3n de la Asociaci\u00f3n Olavarriense de P\u00e1del particip\u00f3 del segundo provincial de menores que organizaron en forma conjunta la Municipalidad de Las Flores y la Federaci\u00f3n Argentina de P\u00e1del.<\/p>\n<p>&nbsp;<\/p>\n<p>El representativo olavarriense estuvo integrado por un total de 35 deportistas. La competencia fue clasificatorio para el Torneo Nacional, que se disputar\u00e1 en la ciudad de La Plata el 17,18 y 19 de agosto.<\/p>\n<p>&nbsp;<\/p>\n<p>Alrededor de 160 jugadores le dieron un marco espectacular a este prestigioso campeonato que se llev\u00f3 a cabo en las canchas de Voleando Campo Deportivo, Complejo POR3 y Polideportivo La Terraza, donde un numeroso p\u00fablico presenci\u00f3 varios partidos de interesante nivel, siendo m\u00e1s que positiva la participaci\u00f3n de nuestros representantes.<\/p>\n<p>&nbsp;<\/p>\n<p>El evento fue declarado de Inter\u00e9s Municipal y cont\u00f3 con jugadores de Mercedes, Moreno, Necochea, Benito Ju\u00e1rez, San Manuel, Tandil, Bah\u00eda Blanca, Olavarr\u00eda, Florencio Varela, La Plata, Ca\u00f1uelas, San Miguel del Monte, Lobos, Bragado, Azul y los due\u00f1os de casa, que participaron en las categor\u00edas Sub 18 Quinta, Sexta y S\u00e9ptima (masculino y femenino), Sub 14 S\u00e9ptima (masculino), Sub 10 Sexta y S\u00e9ptima (masculino y femenino), Escuelitas \u201cD1\u201d y \u201cD2\u201d y Sub 18 Cuarta (femenino).<\/p>\n<p>&nbsp;<\/p>\n<p>La delegaci\u00f3n de la ACOP estuvo confirmada por Bautista Zampini, Valent\u00edn Dietrich, Ian Barrag\u00e1n, Ian L\u00f3pez, Santino Salazar, Tom\u00e1s Gamondi, Tom\u00e1s Zaffora, Jazm\u00edn Dos Santos, Mia Iraz\u00e1bal, Valentina Batista, Thiago Loza, Francisco Buey, Victoria Buey, Ferm\u00edn Cassou, Valentino Boc\u00f3n, Mateo Solezio, Mateo Dirazar, Nicol\u00e1s Vera, Rom\u00e1n \u00c1ngulo, Thiago Herrera, Sim\u00f3n Iraz\u00e1bal, Sara Iraz\u00e1bal, Oliver Blua, M\u00e1ximo Rivero e Ian Vera.<\/p>\n<p>&nbsp;<\/p>\n","protected":false},"excerpt":{"rendered":"<p>Semanas atr\u00e1s se llev\u00f3 a cabo una nueva edici\u00f3n del Campeonato Provincial de Menores. La competencia se llev\u00f3 a cabo<\/p>\n","protected":false},"author":96739694,"featured_media":161958,"comment_status":"closed","ping_status":"closed","sticky":false,"template":"","format":"standard","meta":{"_jetpack_memberships_contains_paid_content":false,"footnotes":""},"categories":[1,55],"tags":[],"class_list":["post-135821","post","type-post","status-publish","format-standard","has-post-thumbnail","hentry","category-portada","category-tenis-padel"],"jetpack_featured_media_url":"https:\/\/i0.wp.com\/cdnoticias.com\/wp-content\/uploads\/2024\/07\/IMG-20240703-WA0100-e1720538348554.jpg?fit=1280%2C682&ssl=1","jetpack_sharing_enabled":true,"_links":{"self":[{"href":"https:\/\/cdnoticias.com\/index.php\/wp-json\/wp\/v2\/posts\/135821","targetHints":{"allow":["GET"]}}],"collection":[{"href":"https:\/\/cdnoticias.com\/index.php\/wp-json\/wp\/v2\/posts"}],"about":[{"href":"https:\/\/cdnoticias.com\/index.php\/wp-json\/wp\/v2\/types\/post"}],"author":[{"embeddable":true,"href":"https:\/\/cdnoticias.com\/index.php\/wp-json\/wp\/v2\/users\/96739694"}],"replies":[{"embeddable":true,"href":"https:\/\/cdnoticias.com\/index.php\/wp-json\/wp\/v2\/comments?post=135821"}],"version-history":[{"count":0,"href":"https:\/\/cdnoticias.com\/index.php\/wp-json\/wp\/v2\/posts\/135821\/revisions"}],"wp:featuredmedia":[{"embeddable":true,"href":"https:\/\/cdnoticias.com\/index.php\/wp-json\/wp\/v2\/media\/161958"}],"wp:attachment":[{"href":"https:\/\/cdnoticias.com\/index.php\/wp-json\/wp\/v2\/media?parent=135821"}],"wp:term":[{"taxonomy":"category","embeddable":true,"href":"https:\/\/cdnoticias.com\/index.php\/wp-json\/wp\/v2\/categories?post=135821"},{"taxonomy":"post_tag","embeddable":true,"href":"https:\/\/cdnoticias.com\/index.php\/wp-json\/wp\/v2\/tags?post=135821"}],"curies":[{"name":"wp","href":"https:\/\/api.w.org\/{rel}","templated":true}]}}