{"id":135791,"date":"2024-07-03T17:24:24","date_gmt":"2024-07-03T20:24:24","guid":{"rendered":"https:\/\/centraldeportes.com.ar\/?p=52919"},"modified":"2025-02-13T17:56:07","modified_gmt":"2025-02-13T20:56:07","slug":"impecable-debut-de-fede-chingotto-en-genova","status":"publish","type":"post","link":"https:\/\/cdnoticias.com\/index.php\/2024\/07\/03\/impecable-debut-de-fede-chingotto-en-genova\/","title":{"rendered":"Impecable debut de \u201cFede\u201d Chingotto en G\u00e9nova"},"content":{"rendered":"<p><span style=\"font-weight: 400;\">Junto con Ale Gal\u00e1n, le ganaron r\u00e1pidamente a Rico &#8211; Guti\u00e9rrez en sets corridos y comenzaron con el pie derecho el P2 celebrado en el norte italiano.<\/span><!--more--><\/p>\n<hr \/>\n<p><span style=\"font-weight: 400;\">Con una soberbia actuaci\u00f3n y posterior victoria en el 20&#215;10,<strong> Federico Chingotto<\/strong> y <strong>Alejandro Gal\u00e1n<\/strong> iniciaron de la mejor manera su participaci\u00f3n en el <strong>P2 de G\u00e9nova<\/strong>.<\/span><\/p>\n<p>&nbsp;<\/p>\n<p><span style=\"font-weight: 400;\">El partido debut en el cuadro principal, disputado en horas de la ma\u00f1ana en nuestro pa\u00eds, los cruz\u00f3 frente a la pareja de <strong>Jos\u00e9 Rico y Agust\u00edn Guti\u00e9rrez<\/strong>.<\/span><\/p>\n<p>&nbsp;<\/p>\n<p><span style=\"font-weight: 400;\">Asimismo, tras cincuenta minutos de partido, <strong>la \u201cChingal\u00e1n\u201d se impuso de manera contundente 6 &#8211; 1 y 6 &#8211; 0 en la pista central de Valletta Cambiaso y asegur\u00f3 su lugar en los octavos de final<\/strong>.<\/span><\/p>\n<p>&nbsp;<\/p>\n<p><span style=\"font-weight: 400;\">En tal instancia, el desaf\u00edo del otro lado de la red ser\u00e1 ante los j\u00f3venes argentinos <strong>\u201cTino\u201d Libaak y Leo Augsburger<\/strong>, este jueves en el segundo turno de la alfombra principal.<\/span><\/p>\n<p>&nbsp;<\/p>\n<p><em><strong>Foto: Premier Padel (Archivo).<\/strong><\/em><\/p>\n","protected":false},"excerpt":{"rendered":"<p>Junto con Ale Gal\u00e1n, le ganaron r\u00e1pidamente a Rico &#8211; Guti\u00e9rrez en sets corridos y comenzaron con el pie derecho<\/p>\n","protected":false},"author":96739694,"featured_media":161796,"comment_status":"closed","ping_status":"closed","sticky":false,"template":"","format":"standard","meta":{"_jetpack_memberships_contains_paid_content":false,"footnotes":""},"categories":[1,55],"tags":[],"class_list":["post-135791","post","type-post","status-publish","format-standard","has-post-thumbnail","hentry","category-portada","category-tenis-padel"],"jetpack_featured_media_url":"https:\/\/i0.wp.com\/cdnoticias.com\/wp-content\/uploads\/2024\/07\/Chingotto-Galan-Premier-Padel-e1720038247721.jpg?fit=800%2C509&ssl=1","jetpack_sharing_enabled":true,"_links":{"self":[{"href":"https:\/\/cdnoticias.com\/index.php\/wp-json\/wp\/v2\/posts\/135791","targetHints":{"allow":["GET"]}}],"collection":[{"href":"https:\/\/cdnoticias.com\/index.php\/wp-json\/wp\/v2\/posts"}],"about":[{"href":"https:\/\/cdnoticias.com\/index.php\/wp-json\/wp\/v2\/types\/post"}],"author":[{"embeddable":true,"href":"https:\/\/cdnoticias.com\/index.php\/wp-json\/wp\/v2\/users\/96739694"}],"replies":[{"embeddable":true,"href":"https:\/\/cdnoticias.com\/index.php\/wp-json\/wp\/v2\/comments?post=135791"}],"version-history":[{"count":0,"href":"https:\/\/cdnoticias.com\/index.php\/wp-json\/wp\/v2\/posts\/135791\/revisions"}],"wp:featuredmedia":[{"embeddable":true,"href":"https:\/\/cdnoticias.com\/index.php\/wp-json\/wp\/v2\/media\/161796"}],"wp:attachment":[{"href":"https:\/\/cdnoticias.com\/index.php\/wp-json\/wp\/v2\/media?parent=135791"}],"wp:term":[{"taxonomy":"category","embeddable":true,"href":"https:\/\/cdnoticias.com\/index.php\/wp-json\/wp\/v2\/categories?post=135791"},{"taxonomy":"post_tag","embeddable":true,"href":"https:\/\/cdnoticias.com\/index.php\/wp-json\/wp\/v2\/tags?post=135791"}],"curies":[{"name":"wp","href":"https:\/\/api.w.org\/{rel}","templated":true}]}}