{"id":135788,"date":"2024-07-02T20:08:29","date_gmt":"2024-07-02T23:08:29","guid":{"rendered":"https:\/\/centraldeportes.com.ar\/?p=52905"},"modified":"2025-02-13T17:56:12","modified_gmt":"2025-02-13T20:56:12","slug":"recalde-y-crotto-fueron-los-mejores-de-la-fase-regular","status":"publish","type":"post","link":"https:\/\/cdnoticias.com\/index.php\/2024\/07\/02\/recalde-y-crotto-fueron-los-mejores-de-la-fase-regular\/","title":{"rendered":"Recalde y Crotto fueron los mejores de la Fase Regular"},"content":{"rendered":"<p>La Divisional B finaliz\u00f3 este pasado domingo la primera parte del Torneo Apertura y ya quedaron definidos los cruces de Play-Off.<!--more--><\/p>\n<hr \/>\n<p><strong>Recalde, en Primera Divisi\u00f3n, y Crotto en Reserva se consolidaron el pasado domingo como los mejores equipos de la Fase Regular del Torneo Apertura<\/strong> tras imponerse en sus respectivos compromisos.<\/p>\n<p>&nbsp;<\/p>\n<p>La quinta y \u00faltima fecha del certamen se reparti\u00f3 en tres escenarios. As\u00ed, en el primer turno de la jornada, <strong>Luj\u00e1n<\/strong> super\u00f3 a <strong>Defensores de Hinojo<\/strong> en La Tradici\u00f3n y volvi\u00f3 a festejar tras dos partidos sin hacerlo.<\/p>\n<p>&nbsp;<\/p>\n<p>En el mismo terreno de juego, pero m\u00e1s tarde, <strong>Villa Magdalena<\/strong> e <strong>Independiente de Colonia San Miguel<\/strong> no se sacaron y terminaron repartiendo puntos. <strong>Adem\u00e1s, en la previa del encuentro, el plantel del \u201cVerde\u201d realiz\u00f3 un emotivo homenaje en memoria de Axel Oron\u00e1, jugador de la entidad quien perdi\u00f3 la vida d\u00edas atr\u00e1s<\/strong>.<\/p>\n<p>&nbsp;<\/p>\n<p><img data-recalc-dims=\"1\" loading=\"lazy\" decoding=\"async\" class=\"aligncenter size-full wp-image-52906\" src=\"https:\/\/i0.wp.com\/cdnoticias.com\/wp-content\/uploads\/2024\/07\/Villa-Magdalena-Divisional-B-Fecha-5-e1719961688374.jpeg?resize=800%2C361&#038;ssl=1\" alt=\"\" width=\"800\" height=\"361\" \/><\/p>\n<p>&nbsp;<\/p>\n<p>Por otro lado, <strong>Recalde<\/strong> venci\u00f3 a <strong>Crotto<\/strong> a domicilio y se adjudic\u00f3 la Fase Regular de forma invicta. Anteriormente, en Reserva, el triunfo qued\u00f3 para el \u201cCeleste\u201d finaliz\u00f3 la primera ronda del Apertura con puntaje ideal.<\/p>\n<p>&nbsp;<\/p>\n<p>En cuanto a los Play-Off, los cruces ya est\u00e1n confirmados y la forma de disputa ser\u00e1 a partidos de ida y vuelta con definici\u00f3n en la cancha del mejor ubicado. En caso de que exista igualdad en el global, habr\u00e1 definici\u00f3n por penales.<\/p>\n<p>&nbsp;<\/p>\n<ul>\n<li>\n<h6><strong>Resultados:<\/strong><\/h6>\n<\/li>\n<\/ul>\n<p>&nbsp;<\/p>\n<h6>Primera Divisi\u00f3n<\/h6>\n<p>Crotto <strong>2 \u2013 3<\/strong> Recalde<\/p>\n<p>Villa Magdalena<strong> 2 \u2013 2<\/strong> Independiente (Colonias San Miguel)<\/p>\n<p>Defensores de Hinojo <strong>0 \u2013 2<\/strong> Luj\u00e1n<\/p>\n<p><strong>*Pendiente de la 1\u00b0 fecha: Independiente 4 \u2013 2 Defensores de Hinojo<\/strong><\/p>\n<p><img data-recalc-dims=\"1\" loading=\"lazy\" decoding=\"async\" class=\"aligncenter size-full wp-image-52909\" src=\"https:\/\/i0.wp.com\/cdnoticias.com\/wp-content\/uploads\/2024\/07\/Posiciones-Apertura-Divisional-B-Primera-5%C2%B0-Fecha.png?resize=786%2C324&#038;ssl=1\" alt=\"\" width=\"786\" height=\"324\" \/><\/p>\n<p>&nbsp;<\/p>\n<h6>Reserva<\/h6>\n<p>Crotto<strong> 1 \u2013 0<\/strong> Recalde<\/p>\n<p>Villa Magdalena<strong> 1 \u2013 1<\/strong> Independiente (Colonias San Miguel)<\/p>\n<p>Defensores de Hinojo <strong>6 \u2013 0<\/strong> Luj\u00e1n<\/p>\n<p><strong>*Pendiente de la 1\u00b0 fecha: Independiente 1 \u2013 3 Defensores de Hinojo<\/strong><\/p>\n<p><img data-recalc-dims=\"1\" loading=\"lazy\" decoding=\"async\" class=\"aligncenter size-full wp-image-52908\" src=\"https:\/\/i0.wp.com\/cdnoticias.com\/wp-content\/uploads\/2024\/07\/Posiciones-Apertura-Divisional-B-Reserva-5%C2%B0-Fecha.png?resize=783%2C330&#038;ssl=1\" alt=\"\" width=\"783\" height=\"330\" \/><\/p>\n<hr \/>\n<ul>\n<li>\n<h6><strong>Cruces de Play-Off (Ida):<\/strong><\/h6>\n<\/li>\n<\/ul>\n<p>Defensores de Hinojo \u2013 Recalde<\/p>\n<p>Villa Magdalena \u2013 Luj\u00e1n<\/p>\n<p>Independiente \u2013 Crotto<\/p>\n<p>&nbsp;<\/p>\n<p><em><strong>Foto: Crotto F\u00fatbol Club.<\/strong><\/em><\/p>\n","protected":false},"excerpt":{"rendered":"<p>La Divisional B finaliz\u00f3 este pasado domingo la primera parte del Torneo Apertura y ya quedaron definidos los cruces de<\/p>\n","protected":false},"author":96739694,"featured_media":140827,"comment_status":"closed","ping_status":"closed","sticky":false,"template":"","format":"standard","meta":{"_jetpack_memberships_contains_paid_content":false,"footnotes":""},"categories":[35,1,41],"tags":[],"class_list":["post-135788","post","type-post","status-publish","format-standard","has-post-thumbnail","hentry","category-futbol","category-portada","category-primera-y-reserva"],"jetpack_featured_media_url":"https:\/\/i0.wp.com\/cdnoticias.com\/wp-content\/uploads\/2024\/07\/Crotto-Reserva-Divisional-B-Fecha-5.jpg?fit=1000%2C666&ssl=1","jetpack_sharing_enabled":true,"_links":{"self":[{"href":"https:\/\/cdnoticias.com\/index.php\/wp-json\/wp\/v2\/posts\/135788","targetHints":{"allow":["GET"]}}],"collection":[{"href":"https:\/\/cdnoticias.com\/index.php\/wp-json\/wp\/v2\/posts"}],"about":[{"href":"https:\/\/cdnoticias.com\/index.php\/wp-json\/wp\/v2\/types\/post"}],"author":[{"embeddable":true,"href":"https:\/\/cdnoticias.com\/index.php\/wp-json\/wp\/v2\/users\/96739694"}],"replies":[{"embeddable":true,"href":"https:\/\/cdnoticias.com\/index.php\/wp-json\/wp\/v2\/comments?post=135788"}],"version-history":[{"count":0,"href":"https:\/\/cdnoticias.com\/index.php\/wp-json\/wp\/v2\/posts\/135788\/revisions"}],"wp:featuredmedia":[{"embeddable":true,"href":"https:\/\/cdnoticias.com\/index.php\/wp-json\/wp\/v2\/media\/140827"}],"wp:attachment":[{"href":"https:\/\/cdnoticias.com\/index.php\/wp-json\/wp\/v2\/media?parent=135788"}],"wp:term":[{"taxonomy":"category","embeddable":true,"href":"https:\/\/cdnoticias.com\/index.php\/wp-json\/wp\/v2\/categories?post=135788"},{"taxonomy":"post_tag","embeddable":true,"href":"https:\/\/cdnoticias.com\/index.php\/wp-json\/wp\/v2\/tags?post=135788"}],"curies":[{"name":"wp","href":"https:\/\/api.w.org\/{rel}","templated":true}]}}