{"id":135749,"date":"2024-03-16T13:20:38","date_gmt":"2024-03-16T16:20:38","guid":{"rendered":"https:\/\/centraldeportes.com.ar\/?p=48475"},"modified":"2025-02-12T23:41:34","modified_gmt":"2025-02-13T02:41:34","slug":"libertadores-sub-20-boca-y-flamengo-definiran-al-proximo-campeon","status":"publish","type":"post","link":"https:\/\/cdnoticias.com\/index.php\/2024\/03\/16\/libertadores-sub-20-boca-y-flamengo-definiran-al-proximo-campeon\/","title":{"rendered":"Libertadores Sub 20: Boca y Flamengo definir\u00e1n al pr\u00f3ximo campe\u00f3n"},"content":{"rendered":"<p>Este domingo, en Maldonado, se jugar\u00e1 la definici\u00f3n del certamen juvenil organizado por CONMEBOL. Ser\u00e1 la primera final entre un equipo argentino y otro brasile\u00f1o.<!--more--><\/p>\n<hr \/>\n<p>El Xeneize, con la presencia del olavarriense <strong>Mateo Mend\u00eda<\/strong>, jugar\u00e1 nuevamente la final de la <strong>Copa Libertadores Sub 20<\/strong> y buscar\u00e1 alzarse con el bicampeonato frente a <strong>Flamengo<\/strong> de Brasil, que dej\u00f3 en el camino a Rosario Central.<\/p>\n<p>&nbsp;<\/p>\n<p>Boca se gan\u00f3 el boleto el \u00faltimo jueves, luego de imponerse <strong>2 a 1<\/strong> sobre Aucas de Ecuador con goles de Santiago Dalmasso y Juan Cruz Payal.<\/p>\n<p>&nbsp;<\/p>\n<p><strong>Mend\u00eda por primera vez no fue titular en el equipo de Silvio Rudman<\/strong>, integr\u00f3 la n\u00f3mina de suplentes y no cont\u00f3 con minutos en el campo de juego.<\/p>\n<p>&nbsp;<\/p>\n<p>No obstante, <strong>la final contra el Mengao se jugar\u00e1 este domingo desde las 15:00<\/strong> y ser\u00e1 otra vez en el Estadio Domingo Burgue\u00f1o Miguel de Maldonado, Uruguay.<\/p>\n<p>&nbsp;<\/p>\n<p><em><strong>Foto: Boca Juniors Oficial.<\/strong><\/em><\/p>\n","protected":false},"excerpt":{"rendered":"<p>Este domingo, en Maldonado, se jugar\u00e1 la definici\u00f3n del certamen juvenil organizado por CONMEBOL. Ser\u00e1 la primera final entre un<\/p>\n","protected":false},"author":96739694,"featured_media":160032,"comment_status":"closed","ping_status":"closed","sticky":false,"template":"","format":"standard","meta":{"_jetpack_memberships_contains_paid_content":false,"footnotes":""},"categories":[37,1],"tags":[],"class_list":["post-135749","post","type-post","status-publish","format-standard","has-post-thumbnail","hentry","category-futbol-profesional","category-portada"],"jetpack_featured_media_url":"https:\/\/i0.wp.com\/cdnoticias.com\/wp-content\/uploads\/2024\/03\/Mendia-Boca-Juniors-Semis-Libertadores-Sub-20.jpg?fit=1000%2C562&ssl=1","jetpack_sharing_enabled":true,"_links":{"self":[{"href":"https:\/\/cdnoticias.com\/index.php\/wp-json\/wp\/v2\/posts\/135749","targetHints":{"allow":["GET"]}}],"collection":[{"href":"https:\/\/cdnoticias.com\/index.php\/wp-json\/wp\/v2\/posts"}],"about":[{"href":"https:\/\/cdnoticias.com\/index.php\/wp-json\/wp\/v2\/types\/post"}],"author":[{"embeddable":true,"href":"https:\/\/cdnoticias.com\/index.php\/wp-json\/wp\/v2\/users\/96739694"}],"replies":[{"embeddable":true,"href":"https:\/\/cdnoticias.com\/index.php\/wp-json\/wp\/v2\/comments?post=135749"}],"version-history":[{"count":0,"href":"https:\/\/cdnoticias.com\/index.php\/wp-json\/wp\/v2\/posts\/135749\/revisions"}],"wp:featuredmedia":[{"embeddable":true,"href":"https:\/\/cdnoticias.com\/index.php\/wp-json\/wp\/v2\/media\/160032"}],"wp:attachment":[{"href":"https:\/\/cdnoticias.com\/index.php\/wp-json\/wp\/v2\/media?parent=135749"}],"wp:term":[{"taxonomy":"category","embeddable":true,"href":"https:\/\/cdnoticias.com\/index.php\/wp-json\/wp\/v2\/categories?post=135749"},{"taxonomy":"post_tag","embeddable":true,"href":"https:\/\/cdnoticias.com\/index.php\/wp-json\/wp\/v2\/tags?post=135749"}],"curies":[{"name":"wp","href":"https:\/\/api.w.org\/{rel}","templated":true}]}}