{"id":135732,"date":"2024-03-13T21:20:22","date_gmt":"2024-03-14T00:20:22","guid":{"rendered":"https:\/\/centraldeportes.com.ar\/?p=48346"},"modified":"2025-02-12T23:41:55","modified_gmt":"2025-02-13T02:41:55","slug":"liga-federal-aporte-olavarriense-en-el-quinto-triunfo-de-el-talar","status":"publish","type":"post","link":"https:\/\/cdnoticias.com\/index.php\/2024\/03\/13\/liga-federal-aporte-olavarriense-en-el-quinto-triunfo-de-el-talar\/","title":{"rendered":"Liga Federal: aporte olavarriense en el quinto triunfo de El Talar"},"content":{"rendered":"<p>En la continuidad de la Zona A de la Regi\u00f3n Metropolitana, El Talar sum\u00f3 su quinta victoria seguida y fue con aporte olavarriense.<!--more--><\/p>\n<hr \/>\n<p>En la noche del martes, El Talar super\u00f3 c\u00f3modamente 80 a 53 al Club Tres de Febrero y se afianza como l\u00edder de una de las zonas que compiten en la Regi\u00f3n Metropolitana con cinco festejos en igual cantidad de presentaciones.<\/p>\n<p>&nbsp;<\/p>\n<p>El \u201caurinegro\u201d control\u00f3 las acciones de principio a fin, permiti\u00f3 la rotaci\u00f3n de jugadores y evit\u00f3 el desgaste en un certamen donde se juegan dos partidos por semana.<\/p>\n<p>&nbsp;<\/p>\n<p>Mateo Macrini volvi\u00f3 a hacer su significativo aporte con 14 puntos y 5 rebotes en 19:17 minutos en cancha.<\/p>\n","protected":false},"excerpt":{"rendered":"<p>En la continuidad de la Zona A de la Regi\u00f3n Metropolitana, El Talar sum\u00f3 su quinta victoria seguida y fue<\/p>\n","protected":false},"author":96739694,"featured_media":160065,"comment_status":"closed","ping_status":"closed","sticky":false,"template":"","format":"standard","meta":{"_jetpack_memberships_contains_paid_content":false,"footnotes":""},"categories":[31,1,57],"tags":[],"class_list":["post-135732","post","type-post","status-publish","format-standard","has-post-thumbnail","hentry","category-basquet","category-portada","category-torneo-federal"],"jetpack_featured_media_url":"https:\/\/i0.wp.com\/cdnoticias.com\/wp-content\/uploads\/2024\/03\/photo.objetivo22_1710343668_3322925993215160005_12028174161-e1710375605834.jpg?fit=1080%2C624&ssl=1","jetpack_sharing_enabled":true,"_links":{"self":[{"href":"https:\/\/cdnoticias.com\/index.php\/wp-json\/wp\/v2\/posts\/135732","targetHints":{"allow":["GET"]}}],"collection":[{"href":"https:\/\/cdnoticias.com\/index.php\/wp-json\/wp\/v2\/posts"}],"about":[{"href":"https:\/\/cdnoticias.com\/index.php\/wp-json\/wp\/v2\/types\/post"}],"author":[{"embeddable":true,"href":"https:\/\/cdnoticias.com\/index.php\/wp-json\/wp\/v2\/users\/96739694"}],"replies":[{"embeddable":true,"href":"https:\/\/cdnoticias.com\/index.php\/wp-json\/wp\/v2\/comments?post=135732"}],"version-history":[{"count":0,"href":"https:\/\/cdnoticias.com\/index.php\/wp-json\/wp\/v2\/posts\/135732\/revisions"}],"wp:featuredmedia":[{"embeddable":true,"href":"https:\/\/cdnoticias.com\/index.php\/wp-json\/wp\/v2\/media\/160065"}],"wp:attachment":[{"href":"https:\/\/cdnoticias.com\/index.php\/wp-json\/wp\/v2\/media?parent=135732"}],"wp:term":[{"taxonomy":"category","embeddable":true,"href":"https:\/\/cdnoticias.com\/index.php\/wp-json\/wp\/v2\/categories?post=135732"},{"taxonomy":"post_tag","embeddable":true,"href":"https:\/\/cdnoticias.com\/index.php\/wp-json\/wp\/v2\/tags?post=135732"}],"curies":[{"name":"wp","href":"https:\/\/api.w.org\/{rel}","templated":true}]}}