{"id":135731,"date":"2024-03-13T21:15:51","date_gmt":"2024-03-14T00:15:51","guid":{"rendered":"https:\/\/centraldeportes.com.ar\/?p=48343"},"modified":"2025-02-12T23:41:56","modified_gmt":"2025-02-13T02:41:56","slug":"la-abo-arranca-el-2024-con-las-inferiores","status":"publish","type":"post","link":"https:\/\/cdnoticias.com\/index.php\/2024\/03\/13\/la-abo-arranca-el-2024-con-las-inferiores\/","title":{"rendered":"La ABO arranca el 2024 con las Inferiores"},"content":{"rendered":"<p>El pr\u00f3ximo fin de semana, y luego de la reuni\u00f3n consumada en la noche del lunes, se defini\u00f3 el comienzo de b\u00e1squet formativo de la Asociaci\u00f3n de B\u00e1squet de Olavarr\u00eda con varios partidos en diferentes escenarios. Adem\u00e1s, entrenan las selecciones.<!--more--><\/p>\n<hr \/>\n<p>La ABO tuvo reuni\u00f3n de dirigentes en instalaciones del Club Pueblo Nuevo y por unanimidad y tras varias instancias de debate, se confirm\u00f3 el arranque de las formativas con el nuevo sistema de control de juego.<\/p>\n<p>&nbsp;<\/p>\n<p>El encuentro dirigencial estuvo al mando de Gerardo Barrera en el sal\u00f3n de fiestas del \u201cLobo Verde\u201d y cont\u00f3 con la presencia de integrantes de la Uni\u00f3n de Clubes, presidente de las entidades participantes, delegados y Emmanuel Maiola en representaci\u00f3n del Colegio de \u00c1rbitros de Olavarr\u00eda.<\/p>\n<p>&nbsp;<\/p>\n<p>Entre los temas salientes se confirm\u00f3 el arranque de las competencias bajo el Sistema GES, algo que se hab\u00eda puesto en cuestionamientos, pero que finalmente suceder\u00e1 y tambi\u00e9n hubo tiempo para que el presidente de la entidad reguladora de la actividad local se explayara sobre la realidad actual de la disciplina.<\/p>\n<p>&nbsp;<\/p>\n<p>Por otro lado, desde hace ya varias semanas y a la espera de la confirmaci\u00f3n de la Federaci\u00f3n de B\u00e1squet de la Provincia de Buenos Aires sobre la disputa de Torneos Zonales y Provinciales, los equipos de la ABO ya suman entrenamientos en diferentes escenarios.<\/p>\n","protected":false},"excerpt":{"rendered":"<p>El pr\u00f3ximo fin de semana, y luego de la reuni\u00f3n consumada en la noche del lunes, se defini\u00f3 el comienzo<\/p>\n","protected":false},"author":96739694,"featured_media":160067,"comment_status":"closed","ping_status":"closed","sticky":false,"template":"","format":"standard","meta":{"_jetpack_memberships_contains_paid_content":false,"footnotes":""},"categories":[31,44,1],"tags":[],"class_list":["post-135731","post","type-post","status-publish","format-standard","has-post-thumbnail","hentry","category-basquet","category-inferiores-basquet","category-portada"],"jetpack_featured_media_url":"https:\/\/i0.wp.com\/cdnoticias.com\/wp-content\/uploads\/2024\/03\/WhatsApp-Image-2024-03-12-at-18.44.51-e1710375308330.jpeg?fit=1600%2C920&ssl=1","jetpack_sharing_enabled":true,"_links":{"self":[{"href":"https:\/\/cdnoticias.com\/index.php\/wp-json\/wp\/v2\/posts\/135731","targetHints":{"allow":["GET"]}}],"collection":[{"href":"https:\/\/cdnoticias.com\/index.php\/wp-json\/wp\/v2\/posts"}],"about":[{"href":"https:\/\/cdnoticias.com\/index.php\/wp-json\/wp\/v2\/types\/post"}],"author":[{"embeddable":true,"href":"https:\/\/cdnoticias.com\/index.php\/wp-json\/wp\/v2\/users\/96739694"}],"replies":[{"embeddable":true,"href":"https:\/\/cdnoticias.com\/index.php\/wp-json\/wp\/v2\/comments?post=135731"}],"version-history":[{"count":0,"href":"https:\/\/cdnoticias.com\/index.php\/wp-json\/wp\/v2\/posts\/135731\/revisions"}],"wp:featuredmedia":[{"embeddable":true,"href":"https:\/\/cdnoticias.com\/index.php\/wp-json\/wp\/v2\/media\/160067"}],"wp:attachment":[{"href":"https:\/\/cdnoticias.com\/index.php\/wp-json\/wp\/v2\/media?parent=135731"}],"wp:term":[{"taxonomy":"category","embeddable":true,"href":"https:\/\/cdnoticias.com\/index.php\/wp-json\/wp\/v2\/categories?post=135731"},{"taxonomy":"post_tag","embeddable":true,"href":"https:\/\/cdnoticias.com\/index.php\/wp-json\/wp\/v2\/tags?post=135731"}],"curies":[{"name":"wp","href":"https:\/\/api.w.org\/{rel}","templated":true}]}}