{"id":135725,"date":"2024-03-12T19:10:21","date_gmt":"2024-03-12T22:10:21","guid":{"rendered":"https:\/\/centraldeportes.com.ar\/?p=48319"},"modified":"2025-02-12T23:40:11","modified_gmt":"2025-02-13T02:40:11","slug":"se-puso-en-marcha-el-calendario-2024-para-acop","status":"publish","type":"post","link":"https:\/\/cdnoticias.com\/index.php\/2024\/03\/12\/se-puso-en-marcha-el-calendario-2024-para-acop\/","title":{"rendered":"Se puso en marcha el calendario 2024 para ACOP"},"content":{"rendered":"\n<div class=\"wp-block-group is-layout-constrained wp-block-group-is-layout-constrained\">\n<p>En el transcurso del fin de semana se jug\u00f3 la primera fecha del circuito de p\u00e1del olavarriense que organiza la Asociaci\u00f3n Civil Olavarriense de P\u00e1del. En esta oportunidad hubo actividad para las categor\u00edas impares y participaron 68 parejas.<!--more--><\/p>\n<hr \/>\n<p>Entre s\u00e1bado y domingo se disput\u00f3 la primera fecha del calendario anual de la ACOP con turno para cuatro categor\u00edas Impares.<\/p>\n<p>\u00a0<\/p>\n<p>La fecha inaugural del calendario se jug\u00f3 en Padeltime, Club de Amigos, Las Terrazzas y Sport Arena y fue \u201cfecha de oro\u201d por lo que los jugadores sumaron los puntos correspondientes a cada fase alcanzada, m\u00e1s el 50% de su cosecha.<\/p>\n<p>\u00a0<\/p>\n<p>En Tercera Caballeros se coron\u00f3 campe\u00f3n la dupla \u00c1lvaro Mendiberry &#8211; Joaqu\u00edn Hern\u00e1ndez, quien en la definici\u00f3n venci\u00f3 a Mart\u00edn Moraglio &#8211; Franco Fern\u00e1ndez por 6\/1 y 6\/4.<\/p>\n<p>\u00a0<\/p>\n<p>Por su parte en Quinta Caballeros festejaron Emilio Failla &#8211; Tom\u00e1s Narvarte. Los campeones superaron en la final a Ignacio Paz\/ Santiago Sarra en tres sets, 7\/6, 3\/6 y 6\/2. En Damas se consagr\u00f3 la pareja compuesta por F\u00e1tima Catala y Julieta Beorlegui, quien en el juego final derrot\u00f3 a Pilar Mart\u00ednez &#8211; Oriana Allen por 1\/6, 6\/3 y 6\/4.<\/p>\n<p>\u00a0<\/p>\n<p>Juan Grifes y Mauricio Castro se quedaron con el t\u00edtulo de S\u00e9ptima Caballeros tras vencer en la definici\u00f3n a Lucas Tolosa y Franco Gonz\u00e1lez 6\/0 y 6\/3.<\/p>\n<p>\u00a0<\/p>\n<p>El pr\u00f3ximo fin de semana dar\u00e1 inicio el calendario para las categor\u00edas pares. Segunda y Cuarta Caballeros, Tercera y Cuarta Damas. Sexta Damas y Caballeros.<\/p>\n<\/div>\n","protected":false},"excerpt":{"rendered":"<p>En el transcurso del fin de semana se jug\u00f3 la primera fecha del circuito de p\u00e1del olavarriense que organiza la<\/p>\n","protected":false},"author":96739694,"featured_media":159969,"comment_status":"closed","ping_status":"closed","sticky":false,"template":"","format":"standard","meta":{"_jetpack_memberships_contains_paid_content":false,"footnotes":""},"categories":[1,55],"tags":[],"class_list":["post-135725","post","type-post","status-publish","format-standard","has-post-thumbnail","hentry","category-portada","category-tenis-padel"],"jetpack_featured_media_url":"https:\/\/i0.wp.com\/cdnoticias.com\/wp-content\/uploads\/2024\/03\/acop-2.jpg?fit=800%2C445&ssl=1","jetpack_sharing_enabled":true,"_links":{"self":[{"href":"https:\/\/cdnoticias.com\/index.php\/wp-json\/wp\/v2\/posts\/135725","targetHints":{"allow":["GET"]}}],"collection":[{"href":"https:\/\/cdnoticias.com\/index.php\/wp-json\/wp\/v2\/posts"}],"about":[{"href":"https:\/\/cdnoticias.com\/index.php\/wp-json\/wp\/v2\/types\/post"}],"author":[{"embeddable":true,"href":"https:\/\/cdnoticias.com\/index.php\/wp-json\/wp\/v2\/users\/96739694"}],"replies":[{"embeddable":true,"href":"https:\/\/cdnoticias.com\/index.php\/wp-json\/wp\/v2\/comments?post=135725"}],"version-history":[{"count":0,"href":"https:\/\/cdnoticias.com\/index.php\/wp-json\/wp\/v2\/posts\/135725\/revisions"}],"wp:featuredmedia":[{"embeddable":true,"href":"https:\/\/cdnoticias.com\/index.php\/wp-json\/wp\/v2\/media\/159969"}],"wp:attachment":[{"href":"https:\/\/cdnoticias.com\/index.php\/wp-json\/wp\/v2\/media?parent=135725"}],"wp:term":[{"taxonomy":"category","embeddable":true,"href":"https:\/\/cdnoticias.com\/index.php\/wp-json\/wp\/v2\/categories?post=135725"},{"taxonomy":"post_tag","embeddable":true,"href":"https:\/\/cdnoticias.com\/index.php\/wp-json\/wp\/v2\/tags?post=135725"}],"curies":[{"name":"wp","href":"https:\/\/api.w.org\/{rel}","templated":true}]}}