{"id":135716,"date":"2024-03-10T19:47:27","date_gmt":"2024-03-10T22:47:27","guid":{"rendered":"https:\/\/centraldeportes.com.ar\/?p=48260"},"modified":"2025-02-12T23:40:27","modified_gmt":"2025-02-13T02:40:27","slug":"inaki-lardapide-seguira-su-carrera-en-la-tierra-de-buenos-vinos","status":"publish","type":"post","link":"https:\/\/cdnoticias.com\/index.php\/2024\/03\/10\/inaki-lardapide-seguira-su-carrera-en-la-tierra-de-buenos-vinos\/","title":{"rendered":"I\u00f1aki Lardapide seguir\u00e1 su carrera en la tierra de los buenos vinos"},"content":{"rendered":"<p>En el transcurso de la \u00faltima semana se confirm\u00f3 el nuevo equipo para I\u00f1aki Lardapide que, para sumarse a los entrenamientos, viaj\u00f3 a la tierra del buen vino.<!--more--><\/p>\n<hr \/>\n<p>I\u00f1aki Lardapide fue confirmado como nuevo jugador de Godoy Cruz de Mendoza y en el transcurso de la \u00faltima semana ya se sum\u00f3 a los entrenamientos.<\/p>\n<p>&nbsp;<\/p>\n<p>El alero de 26 a\u00f1os se transform\u00f3 en el tercer olavarriense en el \u201cTomba\u201d que ya cuenta con Braial Salvareschi y Lucio Falasco en el equipo de f\u00fatbol profesional.<\/p>\n","protected":false},"excerpt":{"rendered":"<p>En el transcurso de la \u00faltima semana se confirm\u00f3 el nuevo equipo para I\u00f1aki Lardapide que, para sumarse a los<\/p>\n","protected":false},"author":96739694,"featured_media":148560,"comment_status":"closed","ping_status":"closed","sticky":false,"template":"","format":"standard","meta":{"_jetpack_memberships_contains_paid_content":false,"footnotes":""},"categories":[31,1,57],"tags":[],"class_list":["post-135716","post","type-post","status-publish","format-standard","has-post-thumbnail","hentry","category-basquet","category-portada","category-torneo-federal"],"jetpack_featured_media_url":"https:\/\/i0.wp.com\/cdnoticias.com\/wp-content\/uploads\/2022\/09\/WhatsApp-Image-2022-09-06-at-20.41.01.jpeg?fit=720%2C483&ssl=1","jetpack_sharing_enabled":true,"_links":{"self":[{"href":"https:\/\/cdnoticias.com\/index.php\/wp-json\/wp\/v2\/posts\/135716","targetHints":{"allow":["GET"]}}],"collection":[{"href":"https:\/\/cdnoticias.com\/index.php\/wp-json\/wp\/v2\/posts"}],"about":[{"href":"https:\/\/cdnoticias.com\/index.php\/wp-json\/wp\/v2\/types\/post"}],"author":[{"embeddable":true,"href":"https:\/\/cdnoticias.com\/index.php\/wp-json\/wp\/v2\/users\/96739694"}],"replies":[{"embeddable":true,"href":"https:\/\/cdnoticias.com\/index.php\/wp-json\/wp\/v2\/comments?post=135716"}],"version-history":[{"count":0,"href":"https:\/\/cdnoticias.com\/index.php\/wp-json\/wp\/v2\/posts\/135716\/revisions"}],"wp:featuredmedia":[{"embeddable":true,"href":"https:\/\/cdnoticias.com\/index.php\/wp-json\/wp\/v2\/media\/148560"}],"wp:attachment":[{"href":"https:\/\/cdnoticias.com\/index.php\/wp-json\/wp\/v2\/media?parent=135716"}],"wp:term":[{"taxonomy":"category","embeddable":true,"href":"https:\/\/cdnoticias.com\/index.php\/wp-json\/wp\/v2\/categories?post=135716"},{"taxonomy":"post_tag","embeddable":true,"href":"https:\/\/cdnoticias.com\/index.php\/wp-json\/wp\/v2\/tags?post=135716"}],"curies":[{"name":"wp","href":"https:\/\/api.w.org\/{rel}","templated":true}]}}