{"id":135711,"date":"2024-03-09T23:15:51","date_gmt":"2024-03-10T02:15:51","guid":{"rendered":"https:\/\/centraldeportes.com.ar\/?p=48185"},"modified":"2025-02-12T23:40:34","modified_gmt":"2025-02-13T02:40:34","slug":"la-carrera-de-las-mujeres-consagro-a-cecilia-fernandez","status":"publish","type":"post","link":"https:\/\/cdnoticias.com\/index.php\/2024\/03\/09\/la-carrera-de-las-mujeres-consagro-a-cecilia-fernandez\/","title":{"rendered":"La \u201cCarrera de las Mujeres\u201d consagr\u00f3 a Cecilia Fern\u00e1ndez"},"content":{"rendered":"<p>La laureada atleta olavarriense no tuvo oposici\u00f3n para quedarse con una nueva edici\u00f3n de la \u201cCarrera de las Mujeres\u201d organizada por el C\u00edrculo de Atletas Veteranos de Olavarr\u00eda.<!--more--><\/p>\n<hr \/>\n<p>La tarde-noche del s\u00e1bado tuvo m\u00e1s de 100 atletas sum\u00e1ndose a una nueva correcaminata de 5K en conmemoraci\u00f3n del \u201cD\u00eda Internacional de la Mujer\u201d y la primera en completar el recorrido fue Cecilia Fern\u00e1ndez que se impuso de principio a fin.<\/p>\n<p>&nbsp;<\/p>\n<p>[soliloquy id=&#8221;48216&#8243;]<\/p>\n<p>&nbsp;<\/p>\n<p>Adem\u00e1s, desde la organizaci\u00f3n se realizaron numerosos sorteos para las participantes.<\/p>\n<p>&nbsp;<\/p>\n<p>Los resultados de los 5K:<\/p>\n<p>1\u00b0 Cecilia Fern\u00e1ndez con 18:17<br \/>\n2\u00b0 Yamila Pedreira con 20:28<br \/>\n3\u00b0 Laura Trumpio con 20:35<br \/>\n4\u00b0 Valentina Mart\u00edn<br \/>\n5\u00b0 Florencia Ju\u00e1rez<\/p>\n","protected":false},"excerpt":{"rendered":"<p>La laureada atleta olavarriense no tuvo oposici\u00f3n para quedarse con una nueva edici\u00f3n de la \u201cCarrera de las Mujeres\u201d organizada<\/p>\n","protected":false},"author":96739694,"featured_media":160005,"comment_status":"closed","ping_status":"closed","sticky":false,"template":"","format":"standard","meta":{"_jetpack_memberships_contains_paid_content":false,"footnotes":""},"categories":[38,1],"tags":[],"class_list":["post-135711","post","type-post","status-publish","format-standard","has-post-thumbnail","hentry","category-pedestrismo","category-portada"],"jetpack_featured_media_url":"https:\/\/i0.wp.com\/cdnoticias.com\/wp-content\/uploads\/2024\/03\/correcaminata-7.jpg?fit=1280%2C853&ssl=1","jetpack_sharing_enabled":true,"_links":{"self":[{"href":"https:\/\/cdnoticias.com\/index.php\/wp-json\/wp\/v2\/posts\/135711","targetHints":{"allow":["GET"]}}],"collection":[{"href":"https:\/\/cdnoticias.com\/index.php\/wp-json\/wp\/v2\/posts"}],"about":[{"href":"https:\/\/cdnoticias.com\/index.php\/wp-json\/wp\/v2\/types\/post"}],"author":[{"embeddable":true,"href":"https:\/\/cdnoticias.com\/index.php\/wp-json\/wp\/v2\/users\/96739694"}],"replies":[{"embeddable":true,"href":"https:\/\/cdnoticias.com\/index.php\/wp-json\/wp\/v2\/comments?post=135711"}],"version-history":[{"count":0,"href":"https:\/\/cdnoticias.com\/index.php\/wp-json\/wp\/v2\/posts\/135711\/revisions"}],"wp:featuredmedia":[{"embeddable":true,"href":"https:\/\/cdnoticias.com\/index.php\/wp-json\/wp\/v2\/media\/160005"}],"wp:attachment":[{"href":"https:\/\/cdnoticias.com\/index.php\/wp-json\/wp\/v2\/media?parent=135711"}],"wp:term":[{"taxonomy":"category","embeddable":true,"href":"https:\/\/cdnoticias.com\/index.php\/wp-json\/wp\/v2\/categories?post=135711"},{"taxonomy":"post_tag","embeddable":true,"href":"https:\/\/cdnoticias.com\/index.php\/wp-json\/wp\/v2\/tags?post=135711"}],"curies":[{"name":"wp","href":"https:\/\/api.w.org\/{rel}","templated":true}]}}